{"id":990,"date":"2020-05-01T10:11:17","date_gmt":"2020-05-01T10:11:17","guid":{"rendered":"https:\/\/www.opinioneslibres.es\/apesardetodo\/?p=990"},"modified":"2020-05-01T10:11:17","modified_gmt":"2020-05-01T10:11:17","slug":"cartas-desde-esta-guerra-ii","status":"publish","type":"post","link":"https:\/\/www.opinioneslibres.es\/apesardetodo\/?p=990","title":{"rendered":"CARTAS DESDE ESTA GUERRA (II)"},"content":{"rendered":"<p dir=\"ltr\">Ay, amigo m\u00edo, que vienen otros tiempos. O eso dicen en la radio. Los que nos gobiernan en este desgobierno han ideado un plan para irnos sacando de casa poco a poco, y que no nos volvamos locos ni se hunda m\u00e1s la econom\u00eda del pa\u00eds. Lo han dividido en fases, del 0 al 3, y lo van a ir desarrollando a medida que pasen los d\u00edas si las cosas no vuelven a peor. Siendo como somos de tozudos y duros mollera, no estoy seguro de que vayamos a entender el plan y a cumplirlo bien. Llevamos seis semanas encerrados en casa escuchando lagrimeos y desgracias, sin m\u00e1s perspectivas optimistas que la de que los datos de los muertos por la enfermedad del d\u00eda siguiente sean mejores que los del anterior, y no se sigan colapsando los hospitales. Y ahora que van ir dej\u00e1ndonos sueltos, no estoy seguro de que no vayamos a salir como toros bravos sin miramiento alguno. Y eso no es nada bueno.<\/p>\n<p dir=\"ltr\">He comprado mascarillas a una farmacia de fuera, pag\u00e1ndolas al precio marcado por las autoridades m\u00e1s casi 5 euros de gastos de env\u00edo. Me las han tra\u00eddo casi una semana despu\u00e9s. Es verdad que al d\u00eda siguiente de su adquisici\u00f3n me enviaron un paquete, pero por alg\u00fan error que no alcanzo a entender, dentro hab\u00eda unas vitaminas para un se\u00f1or de Zaragoza que se llama V\u00edctor, y no mis mascarillas. Ya sabes que yo reivindico mi nombre como es, V\u00edctor Javier, as\u00ed que doy por hecho que ah\u00ed no puede estar la confusi\u00f3n\u2026 Habl\u00e9 con el farmac\u00e9utico, que se excus\u00f3 diciendo que \u201cestas cosas suelen pasar\u201d, y me qued\u00e9 espantado. En estos malos tiempos donde los comercios y los comerciantes deben reinventarse y buscar nuevos caminos para colocar sus productos, asumir el error como parte de lo normal es para echarse a temblar. M\u00e1s, si cabe, cuando lo que se pone a la venta son productos sanitarios que vamos a tener que usar durante mucho tiempo.<\/p>\n<p dir=\"ltr\">Me he dado cuenta de que en mi calle ya no sale tanta gente ni tanto tiempo a las ocho a aplaudir. Se han cancelado hasta las canciones de La Pantoja a todo volumen para amenizar el rato. Una de dos: o la gente se ha cansado de ser solidaria, que no ser\u00eda raro, porque en este pa\u00eds nuestro la solidaridad tiende al agotamiento en cuando las cosas van en general bien, y en particular tambi\u00e9n, o es que la expectativa de poder salir a la calle en breve tiene a los palmeros ocupados en hacer planes, que tampoco lo ser\u00eda, porque tambi\u00e9n tenemos tendencia a ocuparnos de lo superfluo para soslayar lo importante, que es a lo que los gobernantes nos acostumbran. El caso es que todo ese desgarro emocional de las palmas se est\u00e1 diluyendo en los paseos con los ni\u00f1os, el sol, y la perspectiva. Y veremos si no se acaba transformando en la nader\u00eda de la distancia social que la enfermedad nos ha impuesto. Al fin y al cabo, la memoria es fr\u00e1gil, y si hay terrazas y cerveza, aqu\u00ed nunca ha pasado nada.<\/p>\n<p dir=\"ltr\">En fin, mi buen amigo. Seguimos vivos, y los nuestros est\u00e1n bien, as\u00ed que lo vamos superando. Dentro de unos d\u00edas te escribo de nuevo, y te cuento lo que se hace por las calles, que ver\u00e1s c\u00f3mo tiene poco de disciplina y mucho de mala cabeza. Cu\u00eddate mucho.<\/p>\n<p>&nbsp;<\/p>\n","protected":false},"excerpt":{"rendered":"<p>Ay, amigo m\u00edo, que vienen otros tiempos. O eso dicen en la radio. Los que nos gobiernan en este desgobierno han ideado un plan para irnos sacando de casa poco a poco, y que no nos volvamos locos ni se hunda m\u00e1s la econom\u00eda del pa\u00eds. Lo han dividido en fases, del 0 al 3, [&#8230;]<\/p>\n","protected":false},"author":3,"featured_media":0,"comment_status":"open","ping_status":"closed","sticky":false,"template":"","format":"standard","meta":{"footnotes":""},"categories":[3],"tags":[],"class_list":["post-990","post","type-post","status-publish","format-standard","hentry","category-general"],"_links":{"self":[{"href":"https:\/\/www.opinioneslibres.es\/apesardetodo\/index.php?rest_route=\/wp\/v2\/posts\/990","targetHints":{"allow":["GET"]}}],"collection":[{"href":"https:\/\/www.opinioneslibres.es\/apesardetodo\/index.php?rest_route=\/wp\/v2\/posts"}],"about":[{"href":"https:\/\/www.opinioneslibres.es\/apesardetodo\/index.php?rest_route=\/wp\/v2\/types\/post"}],"author":[{"embeddable":true,"href":"https:\/\/www.opinioneslibres.es\/apesardetodo\/index.php?rest_route=\/wp\/v2\/users\/3"}],"replies":[{"embeddable":true,"href":"https:\/\/www.opinioneslibres.es\/apesardetodo\/index.php?rest_route=%2Fwp%2Fv2%2Fcomments&post=990"}],"version-history":[{"count":1,"href":"https:\/\/www.opinioneslibres.es\/apesardetodo\/index.php?rest_route=\/wp\/v2\/posts\/990\/revisions"}],"predecessor-version":[{"id":991,"href":"https:\/\/www.opinioneslibres.es\/apesardetodo\/index.php?rest_route=\/wp\/v2\/posts\/990\/revisions\/991"}],"wp:attachment":[{"href":"https:\/\/www.opinioneslibres.es\/apesardetodo\/index.php?rest_route=%2Fwp%2Fv2%2Fmedia&parent=990"}],"wp:term":[{"taxonomy":"category","embeddable":true,"href":"https:\/\/www.opinioneslibres.es\/apesardetodo\/index.php?rest_route=%2Fwp%2Fv2%2Fcategories&post=990"},{"taxonomy":"post_tag","embeddable":true,"href":"https:\/\/www.opinioneslibres.es\/apesardetodo\/index.php?rest_route=%2Fwp%2Fv2%2Ftags&post=990"}],"curies":[{"name":"wp","href":"https:\/\/api.w.org\/{rel}","templated":true}]}}