{"id":993,"date":"2020-07-03T09:14:11","date_gmt":"2020-07-03T09:14:11","guid":{"rendered":"https:\/\/www.opinioneslibres.es\/apesardetodo\/?p=993"},"modified":"2020-07-03T09:14:11","modified_gmt":"2020-07-03T09:14:11","slug":"reflexionando","status":"publish","type":"post","link":"https:\/\/www.opinioneslibres.es\/apesardetodo\/?p=993","title":{"rendered":"REFLEXIONANDO"},"content":{"rendered":"<p dir=\"ltr\">La pandemia nos ha hecho m\u00e1s viejos, y peores personas, pero sobre esto ya he escrito. El caso es que cuando veo fotos de la gente (al natural se nota menos), tengo la sensaci\u00f3n de que los \u00faltimos meses les han pasado por encima como si hubieran sido a\u00f1os. Est\u00e1n todos m\u00e1s gordos, y tambi\u00e9n m\u00e1s arrugados. Lo primero es cosa del encierro, de la nevera llena y del aburrimiento que ha empujado a tantos a los bizcochos caseros y la mousse de chocolate. Lo de la vejez me cuesta m\u00e1s entenderlo, aunque seguro que los ertes, la falta de ingresos, las hipotecas y los alquileres, y los ni\u00f1os y las suegras han tenido mucho de culpa, o toda. El gimnasio ni estira la piel ni sube la papada, y tampoco el sol reduce las arrugas de la cara ni frena la calvicie. El estrago que ha provocado en los cuerpos el confinamiento es la primera desgracia de la entrada en la nueva normalidad.<\/p>\n<p dir=\"ltr\">De todos modos, probablemente nos sobrar\u00e1 tiempo para mejorar, o para no empeorar las cosas a\u00fan m\u00e1s, aunque todo es posible. La gente se ha lanzado calle abajo a velocidad de v\u00e9rtigo para volver a lo de antes, aunque d\u00e1ndose hidrogel en las manos y con la mascarilla protegiendo los codos. O sea, la ruta m\u00e1s directa para otra ola de contagios a destajo, quiz\u00e1 esta vez sin colapsar las urgencias ni superar las plazas de UCI, pero provocando encierros y nuevas cuarentenas, que son precisamente las que arrugan y engordan. La inconsciencia es el tr\u00e1gico resultado de la debilidad de la memoria, y un poco de la imbecilidad humana, esa llamativa tendencia a que ande yo caliente, r\u00edase la gente, que con esto del coronavirus es tanto como decir que la infecci\u00f3n es cosa de otros porque a nosotros no nos ha ca\u00eddo cerca. Los muertos se convierten en cifras y gr\u00e1ficos y curvas, y el contagio en un asunto de residencias y f\u00e1bricas de embutido. As\u00ed se llenan parques, y entradas a los centros comerciales, y terrazas, y tiendas de ropa, y bares nocturnos. Y a la vuelta de la esquina, los centros de salud y las urgencias de los hospitales, pero para cuando eso llegue, que me quiten lo <em>bailao<\/em>.<\/p>\n<p dir=\"ltr\">Durante semanas, las mascarillas han sido el cha-cha-ch\u00e1 sanitario, a ratos que s\u00ed, y a ratos que no. Cuando el p\u00e1nico inducido por las ruedas de prensa de la autoridad al mando me empuj\u00f3 a comprarlas, en la farmacia me vendieron 4, a precio de salm\u00f3n. Ahora, los chinos las tienen de colores, con dibujos, a la moda, y en cualquier costurera las puedes encontrar hechas a mano, con bolsillo para filtro, y seg\u00fan quien las haya cosido, tambi\u00e9n a coste de oro. En general, llevar en los morros un trozo de tela a la \u00faltima para reivindicar estilo, sentido del humor o ideolog\u00eda, es tan f\u00e1cil como dejarse caer por un todocien del barrio. Pero hasta eso cuesta cuando el toro parece que ya ha pasado. La cantidad de cretinos que han entrado en la vieja normalidad cuando se han abierto las puertas de la nueva crece cada d\u00eda, tanto como las posibilidades de que el virus vuelva bailando la conga antes de haya vacuna y tratamiento. La raza humana tiene una capacidad incre\u00edble para saltar al vac\u00edo y con los ojos cerrados en cualquier pozo de autodestrucci\u00f3n que se le ponga por delante, y lo hace sin m\u00e1s miramientos que la pose para un par de fotos para las redes sociales mientras se deja de hacer pie.<\/p>\n<p dir=\"ltr\">Y he aqu\u00ed que as\u00ed, inasequibles al desaliento, vamos escribiendo la historia de este a\u00f1o malhadado. Y la del siglo. Con el desastre de los miles de muertos como recordatorio de un drama que a muchos se les ha olvidado al tiempo de poder coger el coche y marcharse a la playa a echar unos d\u00edas. O al de salir a celebrar no s\u00e9 bien qu\u00e9 en mesas de 15 en una acera con bien de cerveza y de gintonics despu\u00e9s de comer. Somos el absurdo mam\u00edfero que m\u00e1s f\u00e1cilmente olvida la desgracia, porque a veces ni instinto de supervivencia tenemos. Por eso nos juntamos por decenas sin respetar la distancia ni usando mascarilla. Porque somos m\u00e1s chulos que un ocho y esto del virus jiji-jaja.<\/p>\n","protected":false},"excerpt":{"rendered":"<p>La pandemia nos ha hecho m\u00e1s viejos, y peores personas, pero sobre esto ya he escrito. El caso es que cuando veo fotos de la gente (al natural se nota menos), tengo la sensaci\u00f3n de que los \u00faltimos meses les han pasado por encima como si hubieran sido a\u00f1os. Est\u00e1n todos m\u00e1s gordos, y tambi\u00e9n [&#8230;]<\/p>\n","protected":false},"author":3,"featured_media":0,"comment_status":"open","ping_status":"closed","sticky":false,"template":"","format":"standard","meta":{"footnotes":""},"categories":[3],"tags":[],"class_list":["post-993","post","type-post","status-publish","format-standard","hentry","category-general"],"_links":{"self":[{"href":"https:\/\/www.opinioneslibres.es\/apesardetodo\/index.php?rest_route=\/wp\/v2\/posts\/993","targetHints":{"allow":["GET"]}}],"collection":[{"href":"https:\/\/www.opinioneslibres.es\/apesardetodo\/index.php?rest_route=\/wp\/v2\/posts"}],"about":[{"href":"https:\/\/www.opinioneslibres.es\/apesardetodo\/index.php?rest_route=\/wp\/v2\/types\/post"}],"author":[{"embeddable":true,"href":"https:\/\/www.opinioneslibres.es\/apesardetodo\/index.php?rest_route=\/wp\/v2\/users\/3"}],"replies":[{"embeddable":true,"href":"https:\/\/www.opinioneslibres.es\/apesardetodo\/index.php?rest_route=%2Fwp%2Fv2%2Fcomments&post=993"}],"version-history":[{"count":1,"href":"https:\/\/www.opinioneslibres.es\/apesardetodo\/index.php?rest_route=\/wp\/v2\/posts\/993\/revisions"}],"predecessor-version":[{"id":994,"href":"https:\/\/www.opinioneslibres.es\/apesardetodo\/index.php?rest_route=\/wp\/v2\/posts\/993\/revisions\/994"}],"wp:attachment":[{"href":"https:\/\/www.opinioneslibres.es\/apesardetodo\/index.php?rest_route=%2Fwp%2Fv2%2Fmedia&parent=993"}],"wp:term":[{"taxonomy":"category","embeddable":true,"href":"https:\/\/www.opinioneslibres.es\/apesardetodo\/index.php?rest_route=%2Fwp%2Fv2%2Fcategories&post=993"},{"taxonomy":"post_tag","embeddable":true,"href":"https:\/\/www.opinioneslibres.es\/apesardetodo\/index.php?rest_route=%2Fwp%2Fv2%2Ftags&post=993"}],"curies":[{"name":"wp","href":"https:\/\/api.w.org\/{rel}","templated":true}]}}