{"id":999,"date":"2020-12-22T13:58:57","date_gmt":"2020-12-22T13:58:57","guid":{"rendered":"https:\/\/www.opinioneslibres.es\/apesardetodo\/?p=999"},"modified":"2020-12-22T13:58:57","modified_gmt":"2020-12-22T13:58:57","slug":"el-secreto-de-la-alcaldesa","status":"publish","type":"post","link":"https:\/\/www.opinioneslibres.es\/apesardetodo\/?p=999","title":{"rendered":"El secreto de la alcaldesa"},"content":{"rendered":"<p dir=\"ltr\">En julio pasado, en una exaltaci\u00f3n del esperpento como hac\u00eda a\u00f1os que no se ve\u00eda en la ciudad, la alcaldesa de Santander cont\u00f3 sin rubor alguno que el programa de fiestas de la Semana Grande era secreto, que as\u00ed se evitaban el efecto llamada y las aglomeraciones de gente, y con ello, la expansi\u00f3n del coronavirus. Empecinada en mantener unas celebraciones que llevaban meses suspendi\u00e9ndose en toda Espa\u00f1a, puso en valor la necesidad de los artistas de trabajar y ganar dinero, de la gente de divertirse despu\u00e9s del encierro del estado de alarma, y de que la ciudad se llenara de alegr\u00eda y entusiasmo. Y al acabar se tumb\u00f3 a descansar.<\/p>\n<p dir=\"ltr\">Gema Igual, la sucesora en cutre de I\u00f1igo de la Serna, que tambi\u00e9n lo fue en cutre de Gonzalo Pi\u00f1eiro, es una alcaldesa voluntariosa que se ocupa de todas las cosas que puede. Y eso es un problema, porque a las peque\u00f1as les da soluciones peque\u00f1as, que hacen el apa\u00f1o, pero a las grandes, tambi\u00e9n les da soluciones peque\u00f1as, y eso ya no resuelve tanto, ni mucho menos. Dice mi madre, que es muy de pasear por Santander con sus nietos o con su amiga Josefina, que la suele ver en muchos sitios. Es verdad, yo la veo publicitada en la prensa y en el autobombo que se da en sus redes sociales. Pero la sobreexposici\u00f3n no debe confundirse con la eficacia. Solamente es el fermento de la costumbre, como cuando yo salgo los domingos al rastro, que ni tiene inter\u00e9s ni de ello resultan ni m\u00e9rito ni resultados, m\u00e1s all\u00e1 del de pasar el rato.<\/p>\n<p dir=\"ltr\">Santander languidece por los cuatro costados. No es dem\u00e9rito suyo, sino de su partido, que tambi\u00e9n es culpable de llevar unas cuantas legislaturas sin colocar alcaldes con suficientes dedos de frente, ni mucho menos. El concepto de ciudad de Gema Igual es cortoplacista y reducido, como de pueblo, sin m\u00e1s ambici\u00f3n que la de sobrevivir, y sus capacidades para gobernar una capital de comunidad aut\u00f3noma de 175.000 habitantes igual de limitadas. Ah\u00ed est\u00e1n sus disquisiciones estos d\u00edas con la no Cabalgata de Reyes, esa que ella y sus lumbreras, en otro ejemplo m\u00e1s de extravagancia intelectual, hab\u00edan dise\u00f1ado de 50 kil\u00f3metros cuando Sanidad recomendaba que fueran est\u00e1ticas. La mujer lleva d\u00edas pregunt\u00e1ndose qu\u00e9 hacer con los Magos, y seguro que lo hace en serio y con profundidad, porque ella es as\u00ed.<\/p>\n<p dir=\"ltr\">Tampoco le ayuda estar rodeada de una corte de pelotas e incapaces tan larga como el invierno que asola la ciudad. Alguno hay que se cree que vale, y que se empe\u00f1a en hacerlo parecer, pero que da lo justo, que es tan escaso como lo que ella saca de r\u00e9dito de esos empe\u00f1os. A veces pasa que cuando el que manda es consciente de lo poco que vale se rodea de dos o tres espabilados que le den color a su gesti\u00f3n. Aqu\u00ed no hay caso. La alcaldesa Igual tiene un equipo de gobierno en blanco y negro, tirando a sepia, al un\u00edsono de los resultados de lo que hacen y de lo que pueden hacer con sus aptitudes, todas ellas en la frontera de lo suficiente.<\/p>\n<p dir=\"ltr\">A pesar de lo que pueda parecer, no todo el mundo vale para estar en seg\u00fan qu\u00e9 descansillos en la escalera de la pol\u00edtica. Es verdad que los partidos llevan lustros tratando de demostrarnos lo contrario, colocando a cualquier ga\u00f1\u00e1n con amistades o al que le deben un favor de concejal, de diputado y hasta de ministro, pero la realidad, que es tozuda, pone de manifiesto que eso siempre es un desastre para la gesti\u00f3n de lo p\u00fablico, una desgracia para la ciudadan\u00eda y el rid\u00edculo para las instituciones. La espiral de colocar in\u00fatiles en la primera fila se ha convertido en norma, y as\u00ed nos pinta el pelo.<\/p>\n<p>&nbsp;<\/p>\n","protected":false},"excerpt":{"rendered":"<p>En julio pasado, en una exaltaci\u00f3n del esperpento como hac\u00eda a\u00f1os que no se ve\u00eda en la ciudad, la alcaldesa de Santander cont\u00f3 sin rubor alguno que el programa de fiestas de la Semana Grande era secreto, que as\u00ed se evitaban el efecto llamada y las aglomeraciones de gente, y con ello, la expansi\u00f3n del [&#8230;]<\/p>\n","protected":false},"author":3,"featured_media":0,"comment_status":"open","ping_status":"closed","sticky":false,"template":"","format":"standard","meta":{"footnotes":""},"categories":[3],"tags":[],"class_list":["post-999","post","type-post","status-publish","format-standard","hentry","category-general"],"_links":{"self":[{"href":"https:\/\/www.opinioneslibres.es\/apesardetodo\/index.php?rest_route=\/wp\/v2\/posts\/999","targetHints":{"allow":["GET"]}}],"collection":[{"href":"https:\/\/www.opinioneslibres.es\/apesardetodo\/index.php?rest_route=\/wp\/v2\/posts"}],"about":[{"href":"https:\/\/www.opinioneslibres.es\/apesardetodo\/index.php?rest_route=\/wp\/v2\/types\/post"}],"author":[{"embeddable":true,"href":"https:\/\/www.opinioneslibres.es\/apesardetodo\/index.php?rest_route=\/wp\/v2\/users\/3"}],"replies":[{"embeddable":true,"href":"https:\/\/www.opinioneslibres.es\/apesardetodo\/index.php?rest_route=%2Fwp%2Fv2%2Fcomments&post=999"}],"version-history":[{"count":1,"href":"https:\/\/www.opinioneslibres.es\/apesardetodo\/index.php?rest_route=\/wp\/v2\/posts\/999\/revisions"}],"predecessor-version":[{"id":1000,"href":"https:\/\/www.opinioneslibres.es\/apesardetodo\/index.php?rest_route=\/wp\/v2\/posts\/999\/revisions\/1000"}],"wp:attachment":[{"href":"https:\/\/www.opinioneslibres.es\/apesardetodo\/index.php?rest_route=%2Fwp%2Fv2%2Fmedia&parent=999"}],"wp:term":[{"taxonomy":"category","embeddable":true,"href":"https:\/\/www.opinioneslibres.es\/apesardetodo\/index.php?rest_route=%2Fwp%2Fv2%2Fcategories&post=999"},{"taxonomy":"post_tag","embeddable":true,"href":"https:\/\/www.opinioneslibres.es\/apesardetodo\/index.php?rest_route=%2Fwp%2Fv2%2Ftags&post=999"}],"curies":[{"name":"wp","href":"https:\/\/api.w.org\/{rel}","templated":true}]}}