{"id":264,"date":"2011-11-22T20:51:37","date_gmt":"2011-11-22T18:51:37","guid":{"rendered":"https:\/\/www.opinoineslibres.es\/memoriasdeunexcentrico\/?p=264"},"modified":"2011-11-22T20:51:37","modified_gmt":"2011-11-22T18:51:37","slug":"264","status":"publish","type":"post","link":"https:\/\/www.opinioneslibres.es\/memoriasdeunexcentrico\/?p=264","title":{"rendered":"\u00abLos Dientes del Tigre Portugu\u00e9s y el Hombre que Enamor\u00f3 a Lady Edwina\u00bb (3)"},"content":{"rendered":"<p><!-- @font-face {   font-family: \"Arial\"; }@font-face {   font-family: \"Courier New\"; }@font-face {   font-family: \"Times\"; }@font-face {   font-family: \"Wingdings\"; }@font-face {   font-family: \"Verdana\"; }@font-face {   font-family: \"Cambria\"; }@font-face {   font-family: \"Tahoma\"; }@font-face {   font-family: \"Trebuchet MS\"; }@font-face {   font-family: \"Lucida Grande\"; }p.MsoNormal, li.MsoNormal, div.MsoNormal { margin: 0cm 0cm 0.0001pt; font-size: 12pt; font-family: \"Times New Roman\"; }h1 { margin: 0cm 0cm 0.0001pt; font-size: 24pt; font-family: \"Times New Roman\"; font-weight: bold; }h2 { margin: 0cm 0cm 0.0001pt; font-size: 18pt; font-family: \"Times New Roman\"; font-weight: bold; }h3 { margin: 10pt 0cm 0.0001pt; page-break-after: avoid; font-size: 12pt; font-family: \"Times New Roman\"; color: rgb(79, 129, 189); font-weight: bold; }p.MsoFootnoteText, li.MsoFootnoteText, div.MsoFootnoteText { margin: 0cm 0cm 0.0001pt; font-size: 10pt; font-family: \"Times New Roman\"; }p.MsoHeader, li.MsoHeader, div.MsoHeader { margin: 0cm 0cm 0.0001pt; font-size: 12pt; font-family: \"Times New Roman\"; }p.MsoFooter, li.MsoFooter, div.MsoFooter { margin: 0cm 0cm 0.0001pt; font-size: 12pt; font-family: \"Times New Roman\"; }span.MsoFootnoteReference { vertical-align: super; }a:link, span.MsoHyperlink { color: blue; text-decoration: underline; }a:visited, span.MsoHyperlinkFollowed { color: purple; text-decoration: underline; }p.MsoDocumentMap, li.MsoDocumentMap, div.MsoDocumentMap { margin: 0cm 0cm 0.0001pt; font-size: 12pt; font-family: \"Times New Roman\"; }p { margin: 0cm 0cm 0.0001pt; font-size: 10pt; font-family: \"Times New Roman\"; }pre { margin: 0cm 0cm 0.0001pt; font-size: 10pt; font-family: Courier; }tt { font-family: Courier; }p.MsoListParagraph, li.MsoListParagraph, div.MsoListParagraph { margin: 0cm 0cm 0.0001pt 36pt; font-size: 12pt; font-family: \"Times New Roman\"; }p.MsoListParagraphCxSpFirst, li.MsoListParagraphCxSpFirst, div.MsoListParagraphCxSpFirst { margin: 0cm 0cm 0.0001pt 36pt; font-size: 12pt; font-family: \"Times New Roman\"; }p.MsoListParagraphCxSpMiddle, li.MsoListParagraphCxSpMiddle, div.MsoListParagraphCxSpMiddle { margin: 0cm 0cm 0.0001pt 36pt; font-size: 12pt; font-family: \"Times New Roman\"; }p.MsoListParagraphCxSpLast, li.MsoListParagraphCxSpLast, div.MsoListParagraphCxSpLast { margin: 0cm 0cm 0.0001pt 36pt; font-size: 12pt; font-family: \"Times New Roman\"; }span.Heading1Char { font-family: Times; font-weight: bold; }span.Heading2Char { font-family: Times; font-weight: bold; }span.Heading3Char { font-family: Calibri; color: rgb(79, 129, 189); font-weight: bold; }span.FooterChar {  }span.FooterChar1 {  }span.z-TopofFormChar { font-family: Arial; display: none; }span.z-BottomofFormChar { font-family: Arial; display: none; }span.HeaderChar {  }span.editsection {  }span.mw-headline {  }span.toctoggle {  }span.tocnumber {  }span.toctext {  }span.noticialink {  }span.trecepixnegro {  }span.txtnoticia {  }span.FootnoteTextChar { font-family: \"Times New Roman\"; }span.DocumentMapChar { font-family: \"Lucida Grande\"; }span.postbody {  }span.authorname {  }p.par-, li.par-, div.par- { margin: 0cm 0cm 0.0001pt; font-size: 10pt; font-family: \"Times New Roman\"; }p.bodytext, li.bodytext, div.bodytext { margin: 0cm 0cm 0.0001pt; font-size: 10pt; font-family: \"Times New Roman\"; }span.bodytext1 {  }span.HTMLPreformattedChar { font-family: Courier; }p.current, li.current, div.current { margin: 0cm 0cm 0.0001pt; font-size: 10pt; font-family: \"Times New Roman\"; }span.st {  }p.comunicacoes, li.comunicacoes, div.comunicacoes { margin: 0cm 0cm 0.0001pt; font-size: 10pt; font-family: \"Times New Roman\"; }p.titulos, li.titulos, div.titulos { margin: 0cm 0cm 0.0001pt; font-size: 10pt; font-family: \"Times New Roman\"; }span.il {  }p.mtext, li.mtext, div.mtext { margin: 0cm 0cm 0.0001pt; font-size: 10pt; font-family: \"Times New Roman\"; }span.destacado {  }span.scndinfo {  }span.descriptiftexte {  }div.Section1 { page: Section1; }ol { margin-bottom: 0cm; }ul { margin-bottom: 0cm; } --><\/p>\n<blockquote>\n<p class=\"MsoNormal\" style=\"margin-left: 36pt; text-align: center;\"><span style=\"font-size: 10pt; font-family: &quot;Times New Roman&quot;;\">\u00ab<em>Quem viu Goa, dispensa de ver Lisboa<\/em>\u00ab<\/span><\/p>\n<p class=\"MsoNormal\" style=\"margin-left: 36pt; text-align: center;\"><span style=\"font-size: 10pt; font-family: &quot;Times New Roman&quot;;\"> <\/span><\/p>\n<p class=\"MsoNormal\" style=\"text-align: left;\">\n<p class=\"MsoNormal\" style=\"text-align: center;\">\n<p class=\"MsoNormal\" style=\"text-align: center;\"><span style=\"font-size: 10pt; font-family: &quot;Times New Roman&quot;;\">(\u00abQuien conoce Goa pasa sin Lisboa\u00bb, refr\u00e1n indo-luso\u00bb)<em><br \/>\n<\/em><\/span><\/p><\/blockquote>\n<p class=\"MsoNormal\" style=\"text-align: justify;\"><span style=\"font-family: &quot;Times New Roman&quot;;\">Sri Pandit Jawaharlal Nehru, el hombre que enamor\u00f3 a Lady Edwina Mountbatten, la \u00faltima virreina de la India, fu\u00e9 uno de los protagonistas del siglo XX. Heredero de Ghandi y fundador de una casta de pol\u00edticos, su personalidad compleja ha sido velada por la simpleza del mito. Elitista, populista, bromista, narcisista, izquierdista, neutralista, pacifista, militarista, posibilista&#8230; Ten\u00eda bien poco en com\u00fan con Ant\u00f3nio de Oliveira Salazar de no ser el apego al poder, la concepci\u00f3n grandiosa de la patria y una extremada discrecci\u00f3n en materia de embrollos amorosos. Si al Salazar asc\u00e9tico no le faltaron afinidades con Ghandi, el Pandit Nehru nunca se entendi\u00f3 bien con ninguno de los dos. Nerhu proporcionar\u00eda el protagonista ideal para un incorrecto y colorido musical del West End londinense, con el portugu\u00e9s y el hombre de la rueca como personajes secundarios.<!--more--><\/span><\/p>\n<p class=\"MsoNormal\" style=\"text-align: center;\" align=\"center\"><span style=\"font-family: &quot;Times New Roman&quot;;\"> <\/span><\/p>\n<p class=\"MsoNormal\" style=\"margin-left: 70.9pt; text-align: center; text-indent: -70.9pt;\" align=\"center\"><span style=\"font-family: &quot;Times New Roman&quot;;\"><img loading=\"lazy\" decoding=\"async\" class=\"aligncenter size-full wp-image-265\" title=\"all-of-india-1947\" src=\"https:\/\/www.opinioneslibres.es\/memoriasdeunexcentrico\/wp-content\/uploads\/2011\/11\/all-of-india-1947.gif\" alt=\"all-of-india-1947\" width=\"303\" height=\"383\" \/><\/span><\/p>\n<p class=\"MsoNormal\" style=\"text-align: justify;\"><span style=\"font-family: &quot;Times New Roman&quot;;\"> <\/span><\/p>\n<p class=\"MsoNormal\" style=\"margin: 0cm 65.7pt 0.0001pt 70.9pt; text-align: justify;\"><strong><span style=\"font-size: 10pt; font-family: &quot;Times New Roman&quot;;\">(Figura 1).-<\/span><\/strong><span style=\"font-size: 10pt; font-family: &quot;Times New Roman&quot;;\"> El grabado con las fronteras de la India en 1947, muestra los cuatro \u00ab<em>Comptoirs de l&#8217;Inde<\/em>\u00bb y el \u00ab<em>Estado Portugu\u00e9s da \u00cdndia<\/em>\u00ab: Diu,<\/span><span style=\"font-family: &quot;Times New Roman&quot;;\"> <\/span><span style=\"font-size: 10pt; font-family: &quot;Times New Roman&quot;;\">Dam\u00e3o,<\/span><span style=\"font-size: 10pt; font-family: &quot;Times New Roman&quot;;\"> Nagar Haveli y Goa (ilustraci\u00f3n de <em>Encyclopaedia Britannica<\/em>, inclu\u00edda en los blogs <\/span><em><span style=\"font-size: 10pt; font-family: &quot;Times New Roman&quot;; color: #1a1a1a;\">mikehaddon-<\/span><\/em><em><span style=\"font-size: 10pt; font-family: &quot;Times New Roman&quot;;\">randomnoise<\/span><\/em><em><span style=\"font-size: 10pt; font-family: &quot;Times New Roman&quot;; color: #1a1a1a;\">.<\/span><\/em><em><span style=\"font-size: 10pt; font-family: &quot;Times New Roman&quot;;\">blogspot<\/span><\/em><em><span style=\"font-size: 10pt; font-family: &quot;Times New Roman&quot;; color: #1a1a1a;\">.com<\/span><\/em><span style=\"font-size: 10pt; font-family: &quot;Times New Roman&quot;;\"> e <em>indianpast.blogspot.com<\/em> a 18 de Noviembre de 2011).<\/span><\/p>\n<p class=\"MsoNormal\" style=\"text-align: justify;\"><span style=\"font-family: &quot;Times New Roman&quot;;\"> <\/span><\/p>\n<p class=\"MsoNormal\" style=\"text-align: justify;\"><span style=\"font-family: &quot;Times New Roman&quot;;\">La agresiva pol\u00edtica nacionalista de Nehru di\u00f3 sus primeros frutos al granjearle, sin refrendo popular, buena parte de la Cachemira musulmana, causa de la primera guerra con el Pakist\u00e1n (1947-49). En 1947, tras manifestar la mayor\u00eda de los habitantes de Sikkim su rechazo a unirse a la India, el peque\u00f1o reino devino en protectorado, allan\u00e1ndose as\u00ed el camino para su anexi\u00f3n definitiva a la Uni\u00f3n India en 1975. En 1948 vendr\u00eda la toma del Estado independiente de Hyderabad, un reducto musulm\u00e1n en el coraz\u00f3n de la India, que ocho a\u00f1os despu\u00e9s desguaz\u00f3 y reparti\u00f3 entre tres estados indios. Forzados a aceptar la separaci\u00f3n del Pakist\u00e1n, ni \u00e9l ni Ghandi estaban dispuestos a tolerar la permanencia de enclaves europeos en la India.<\/span><\/p>\n<p class=\"MsoNormal\" style=\"text-align: justify;\"><span style=\"font-family: &quot;Times New Roman&quot;;\"> <\/span><\/p>\n<p class=\"MsoNormal\" style=\"text-align: justify;\"><span style=\"font-family: &quot;Times New Roman&quot;;\">En 1954 una Francia maniatada por el fin de la Guerra de Indochina y el principio de la de Argelia se d\u00e1 prisa en ceder a Nerhu -una vez m\u00e1s sin referendum previo- los famosos \u00ab<em>Comptoirs de l&#8217;Inde<\/em>\u00ab, territorios con tres siglos de presencia gala: Chandernagor, Pondich\u00e9ry, Karikal, Mah\u00e9 y Yanaon. La resistencia de Yanaon a verse englobado en la Uni\u00f3n India, siendo el sentir de la poblaci\u00f3n mayoritariamente pro-franc\u00e9s, se saldar\u00e1 con una intervenci\u00f3n hind\u00fa, disfrazada de \u00abrevoluci\u00f3n\u00bb local, en el curso de la cual es asesinado el 13 de Junio de 1954 -posiblemente por polic\u00edas infiltrados- el alcalde en funciones <\/span><span style=\"font-family: &quot;Times New Roman&quot;;\">Samatam Krouschnaya<\/span><span style=\"font-family: &quot;Times New Roman&quot;;\">, carism\u00e1tico l\u00edder del movimiento pro-Francia, que muere gritando \u00ab<em>Vive la France!<\/em>\u00ab. El Gobernador General se hallaba en v\u00edas de env\u00edar desde Pondich\u00e9ry un crucero que restaurase la soberan\u00eda francesa en Yanaon, pero Paris se resigna a la incorporaci\u00f3n \u00abde facto\u00bb a la Union India de los cuatro \u00ab<em>comptoirs<\/em>\u00bb (Chandernagor tom\u00f3 la delantera gracias a un sinf\u00edn de \u00ablibertadores\u00bb e intrigas, el 26 de Junio de 1949) y a continuar negociando su cesi\u00f3n \u00abde jure\u00bb. Consciente de que, habiendo transigido ya con la anexi\u00f3n de los enclaves franceses al territorio de la Uni\u00f3n India, ser\u00e1 imposible arrancarle concesi\u00f3n o garant\u00eda suplementaria alguna al exultante Presidente Nerhu, la Rep\u00fablica Francesa, cerrado el cap\u00edtulo de Argelia, aprueba una ratificaci\u00f3n tard\u00eda de la cesi\u00f3n de los \u00ab<em>comptoirs de l&#8217;Inde<\/em>\u00bb el 16 de Agosto de 1963. Fu\u00e9 un postrer esfuerzo por consolidar algunas ventajas culturales y comerciales. Al final el pragmatismo galo logr\u00f3 \u2013al contrario de lo sucedido en Goa\u2013 proteger las peculiaridades culturales de los antiguos enclaves galos, pese a la impronta m\u00e1s original y profunda de la civilizaci\u00f3n lusitana en el Estado Portugu\u00e9s de la India.<\/span><\/p>\n<p class=\"MsoNormal\" style=\"text-align: justify;\"><span style=\"font-family: &quot;Times New Roman&quot;;\"> <\/span><\/p>\n<p class=\"MsoNormal\" style=\"text-align: justify;\"><span style=\"font-family: &quot;Times New Roman&quot;;\">El enclave costero de <\/span><span style=\"font-family: &quot;Times New Roman&quot;;\">Dam\u00e3o, el segundo m\u00e1s importante de los tres que formaban el Estado Portugu\u00e9s de la India, sumaba a sus casi <\/span><span style=\"font-family: &quot;Times New Roman&quot;;\">72 km<sup>2<\/sup> y 22.000 habitantes<\/span><span style=\"font-size: 10pt; font-family: &quot;Times New Roman&quot;; color: blue;\"> <\/span><span style=\"font-family: &quot;Times New Roman&quot;;\">los 487 km\u00b2 y 150.000 habitantes de dos <\/span><span style=\"font-family: &quot;Times New Roman&quot;;\">enclave continentales: Dadr\u00e1 y Nagar Haveli, este \u00faltimo con un subenclave del vecino estado indio de Gujarat en su seno. La distancia por carretera entre la frontera de<\/span><span style=\"font-family: &quot;Times New Roman&quot;;\"> Dam\u00e3o y Dadr\u00e1 era de unos 16 km y entre Dadr\u00e1 y Nagar Haveli de unos 4 km.<\/span><span style=\"font-family: &quot;Times New Roman&quot;;\"> Las comunicaciones de estos enclaves interiores con el exterior y entre s\u00ed se hallaban supeditadas a la aceptaci\u00f3n de las correspondientes servidumbres de paso por parte de la Uni\u00f3n India. La enmara\u00f1ada divisi\u00f3n pol\u00edtica de dichos territorios no debe sorprender a los espa\u00f1oles, cuya naci\u00f3n mantiene un enclave dentro de Francia, dos en Marruecos, alberga una colonia brit\u00e1nica, administra regiones que a veces poseen enclaves en otras -Trevi\u00f1o, Villaverde de Truc\u00edos, Rinc\u00f3n de Ademuz, etc.- y carece de acuerdo bilateral de demarcaci\u00f3n fronteriza a lo largo de los 40 km. de ribera oliventina del Guadiana.<\/span><\/p>\n<p class=\"MsoNormal\" style=\"text-align: justify;\"><span style=\"font-family: &quot;Times New Roman&quot;;\"> <\/span><\/p>\n<p class=\"MsoNormal\" style=\"text-align: justify;\"><span style=\"font-family: &quot;Times New Roman&quot;;\">El 20 de Julio de 1954 el Gobernador de <\/span><span style=\"font-family: &quot;Times New Roman&quot;;\">Dam\u00e3o anuncia su intenci\u00f3n de visitar las dependencias continentales del territorio.<\/span><span style=\"font-family: &quot;Times New Roman&quot;;\"> Desde su independencia, la India fustiga a los fragmentarios enclaves portugueses en cuantos frentes puede. No habr\u00e1 transcurrido ni un d\u00eda desde el anuncio de la visita, cuando los activistas procedentes de la India atacan Dadr\u00e1 con una estrategia calcada de la\u00a0 aplicada en los <em>comptoirs<\/em> franceses. Se infiltran, perfectamente armados, desde un pa\u00eds donde el control de la tenencia individual de armas es riguros\u00edsimo. Apenas son medio centenar de cipayos hind\u00faes, enmascarados bajo siglas como \u00ab<em>Partido del Pueblo de Goa<\/em>\u00ab, \u00ab<em>Ej\u00e9rcito de la Goa Libre<\/em>\u00bb y \u00ab<em>Frente Unido de Goeses<\/em>\u00bb (UFG). Este \u00faltimo grup\u00fasculo es el responsable de tomar Dadr\u00e1. No existe m\u00e1s que la polic\u00eda local para hacerles frente. El Subjefe del destacamento policial portugu\u00e9s, Aniceto Ros\u00e1rio, defiende su cuartel durante m\u00e1s de una hora hasta que, agotadas las municiones, es apu\u00f1alado por los invasores a quienes un traidor ha franqueado el paso, rindi\u00e9ndose la plaza poco despu\u00e9s de la medianoche del 22 de Julio.<\/span><\/p>\n<p class=\"MsoNormal\" style=\"text-align: justify;\"><span style=\"font-family: &quot;Times New Roman&quot;;\"> <\/span><\/p>\n<p class=\"MsoNormal\" style=\"text-align: justify;\"><span style=\"font-family: &quot;Times New Roman&quot;;\"> <\/span><\/p>\n<p class=\"MsoNormal\" style=\"text-align: center;\" align=\"center\"><span style=\"font-family: &quot;Times New Roman&quot;;\"><img loading=\"lazy\" decoding=\"async\" class=\"aligncenter size-full wp-image-266\" title=\"dadr_nagarhaveli1\" src=\"https:\/\/www.opinioneslibres.es\/memoriasdeunexcentrico\/wp-content\/uploads\/2011\/11\/dadr_nagarhaveli1.jpg\" alt=\"dadr_nagarhaveli1\" width=\"301\" height=\"400\" \/><\/span><\/p>\n<p class=\"MsoNormal\" style=\"text-align: justify;\"><span style=\"font-family: &quot;Times New Roman&quot;;\"> <\/span><\/p>\n<p class=\"MsoNormal\" style=\"margin: 0cm 72.8pt 0.0001pt 78pt; text-align: justify;\"><strong><span style=\"font-size: 10pt; font-family: &quot;Times New Roman&quot;;\">(Figura 2).-<\/span><\/strong><span style=\"font-size: 10pt; font-family: &quot;Times New Roman&quot;;\"> Los enclaves interiores de Dadr\u00e1 y Nagar Haveli eran dependencias del territorio de <\/span><span style=\"font-size: 10pt; font-family: &quot;Times New Roman&quot;;\">Dam\u00e3o pero fueron ocupados por la Uni\u00f3n India el 2 de Agosto de 1954<\/span><span style=\"font-size: 10pt; font-family: &quot;Times New Roman&quot;;\"> (sello reproducido por gentileza del blog \u00abHerdeiro de A\u00e9cio\u00bb del Dr. A. Teixeira,<\/span> <em><span style=\"font-size: 10pt; font-family: &quot;Times New Roman&quot;;\">herdeirodeaecio.blogspot.com<\/span><\/em><span style=\"font-size: 10pt; font-family: &quot;Times New Roman&quot;;\"> ) <\/span><\/p>\n<p class=\"MsoNormal\" style=\"text-align: justify;\"><span style=\"font-family: &quot;Times New Roman&quot;;\"> <\/span><\/p>\n<p class=\"MsoNormal\" style=\"text-align: justify;\"><span style=\"font-family: &quot;Times New Roman&quot;;\"> <\/span><\/p>\n<p class=\"MsoNormal\" style=\"text-align: justify;\"><span style=\"font-family: &quot;Times New Roman&quot;;\">Franco Fernandes, que ha divulgado un interesante compendio de prensa hind\u00fa de la \u00e9poca en \u00abFacebook\u00bb (<em>Cultura Portuguesa da \u00cdndia: Accound of the invasions of Dadr\u00e1 e Nagar-Aveli, Noviembre de 2011<\/em>) narra una historia truculenta. Una vez conquistada Dadr\u00e1, lo primero que hizo Francis Mascarenhas, cabecilla de la UFG, fu\u00e9 llevarse la caja fuerte de la administraci\u00f3n local \u2013\u00bb<\/span><span class=\"st\"><em><span style=\"font-family: &quot;Times New Roman&quot;;\">nihil sub sole novum<\/span><\/em><\/span><span style=\"font-family: &quot;Times New Roman&quot;;\">\u00ab\u2013. Incapaz de abrirla, solicit\u00f3 un duplicado de la llave al fabricante, la empresa <em>Godrej Ltd.<\/em> de Poona, la cual, trat\u00e1ndose de una caja fabricada especialmente para el gobierno portugu\u00e9s, lo comunic\u00f3 a la polic\u00eda de Bombay. El \u00ablibertador\u00bb Mascarenhas fu\u00e9 puesto bajo arresto domiciliario y, sin duda a causa de ello, la UFG exclu\u00edda de la toma de Nagar Haveli.<\/span><\/p>\n<p class=\"MsoNormal\" style=\"text-align: justify;\"><span style=\"font-family: &quot;Times New Roman&quot;;\"> <\/span><\/p>\n<p class=\"MsoNormal\" style=\"text-align: justify;\"><span style=\"font-family: &quot;Times New Roman&quot;;\">Pese a los fren\u00e9ticos intentos de Portugal, que a\u00fan no es miembro de las Naciones Unidas, por obtener la mediaci\u00f3n internacional de la Argentina, el 30 de Julio una cincuentena de activistas del <em>Azad Gomantak Dal<\/em>, invade Nagar Haveli. Aunque se autodenominan \u00ab<em>Grupo de Goeses Libres<\/em>\u00ab, en sus filas son pocos los goeses. Abundan, en cambio, los ex-combatientes hind\u00faes del 8\u00ba Ej\u00e9rcito Brit\u00e1nico Unificado del General Montgomery. Uno de los fundadores del reci\u00e9n formado grupo es V.N. Lawande, fan\u00e1tico hindu\u00edsta expulsado del Partido del Congreso por propugnar el uso del terrorismo y la violencia en las luchas nacionalistas. Lo cual no es \u00f3bice para que Nerhu se sirva de \u00e9l. A juicio del General Carlos Azeredo -capit\u00e1n en Goa hasta su ca\u00edda- fu\u00e9 la guerrilla m\u00e1s dura y aguerrida de todas las campa\u00f1as coloniales portuguesas del siglo XX. El 2 de Agosto izan la bandera hind\u00fa en Silvassa, capital de Nagar Haveli. Hasta el 10 de Agosto la polic\u00eda portuguesa combatir\u00e1 contra ellos mientras se bate en retirada hacia la costa, terminando por rendirse el d\u00eda 11 sin llegar a alcanzarla. Ser\u00e1n acusados de entrar en la Uni\u00f3n India \u00absin visado\u00bb. El 15 de Agosto de 1954 el Pandit Nerhu conmemorar\u00e1 la independencia de su patria con 150.000 nuevos ciudadanos y un colmillo m\u00e1s del tigre portugu\u00e9s en su morral.<\/span><\/p>\n<p class=\"MsoNormal\" style=\"text-align: center;\" align=\"center\"><span style=\"font-family: &quot;Times New Roman&quot;;\"><img loading=\"lazy\" decoding=\"async\" class=\"aligncenter size-full wp-image-283\" title=\"agd\" src=\"https:\/\/www.opinioneslibres.es\/memoriasdeunexcentrico\/wp-content\/uploads\/2011\/11\/agd.png\" alt=\"agd\" width=\"602\" height=\"475\" \/><br \/>\n<\/span><\/p>\n<p class=\"MsoNormal\" style=\"text-align: center;\" align=\"center\"><span style=\"font-family: &quot;Times New Roman&quot;;\"> <\/span><\/p>\n<p class=\"MsoNormal\" style=\"margin: 0cm 60.9pt 0.0001pt 63.8pt; text-align: justify;\"><strong><span style=\"font-size: 10pt; font-family: &quot;Times New Roman&quot;;\">(Figura3 ).-<\/span><\/strong><span style=\"font-size: 10pt; font-family: &quot;Times New Roman&quot;;\"> La foto muestra a un comando del <em>Azad Gomantak Dal<\/em> (\u00abGrupo de los Goeses Libres\u00bb) con cuatro colaboradores. Perfectamente uniformados y equipados, fogueados en la guerra del desierto y sus golpes de mano, son el grupo guerrillero que mayores bajas caus\u00f3 a los portugueses en los territorios del Estado Portugu\u00e9s de la India (s\u00f3lo a lo largo de 1961 causaron la muerte de 80 polic\u00edas en Goa). Ni en Guinea, Angola o Mozambique volver\u00e1n a encontrar los lusos un oponente tan temible como \u00e9ste (<em>fotograf\u00eda procedente de \u00abGoa News Online\u00bb, informativo diario de Goa en goanewsonline.com<\/em>).<\/span><\/p>\n<p class=\"MsoNormal\" style=\"margin: 0cm 60.9pt 0.0001pt 63.8pt; text-align: justify;\"><span style=\"font-size: 10pt; font-family: &quot;Times New Roman&quot;;\"><br \/>\n<\/span><\/p>\n<p class=\"MsoNormal\" style=\"margin: 0cm 60.9pt 0.0001pt 63.8pt; text-align: justify;\">\n<p class=\"MsoNormal\" style=\"margin: 0cm 60.9pt 0.0001pt 63.8pt; text-align: center;\"><span style=\"font-size: 10pt; font-family: &quot;Times New Roman&quot;;\"><img loading=\"lazy\" decoding=\"async\" class=\"aligncenter size-full wp-image-315\" title=\"areas-maior-terrorismo\" src=\"https:\/\/www.opinioneslibres.es\/memoriasdeunexcentrico\/wp-content\/uploads\/2011\/11\/areas-maior-terrorismo.jpg\" alt=\"areas-maior-terrorismo\" width=\"439\" height=\"633\" \/><strong>(Figura 4).<\/strong>&#8211; Zonas de concentraci\u00f3n del terrorismo pro-hind\u00fa durante el per\u00edodo 1955-57<\/span><\/p>\n<p class=\"MsoNormal\" style=\"margin: 0cm 60.9pt 0.0001pt 63.8pt; text-align: center;\"><span style=\"font-size: 10pt; font-family: &quot;Times New Roman&quot;;\">(\u00ab<em>Eventos da d\u00e9cada de cinquenta anterior \u00e0 invas\u00e3o do Estado da \u00cfndia pelas For\u00e7as Armadas<\/em><\/span><\/p>\n<p class=\"MsoNormal\" style=\"margin: 0cm 60.9pt 0.0001pt 63.8pt; text-align: center;\"><span style=\"font-size: 10pt; font-family: &quot;Times New Roman&quot;;\"><em>da Uni\u00e5o Indiana em 18 de Dezembro de 1961<\/em>\u00ab. Teniente General Jos\u00e9 Lopes Alves. Revista<\/span><\/p>\n<p class=\"MsoNormal\" style=\"margin: 0cm 60.9pt 0.0001pt 63.8pt; text-align: center;\"><span style=\"font-size: 10pt; font-family: &quot;Times New Roman&quot;;\">Militar, 25\/10\/2007. www.revistamilitar.pt)<br \/>\n<\/span><\/p>\n<p class=\"MsoNormal\" style=\"margin: 0cm 60.9pt 0.0001pt 63.8pt; text-align: center;\"><span style=\"font-size: 10pt; font-family: &quot;Times New Roman&quot;;\"><br \/>\n<\/span><\/p>\n<p class=\"MsoNormal\" style=\"text-align: justify;\"><span style=\"font-family: &quot;Times New Roman&quot;;\"> <\/span><\/p>\n<p class=\"MsoNormal\" style=\"text-align: justify;\"><span style=\"font-family: &quot;Times New Roman&quot;;\"> <\/span><\/p>\n<p class=\"MsoNormal\" style=\"text-align: justify;\"><span style=\"font-family: &quot;Times New Roman&quot;;\">En su sentencia del 12 de Abril de 1960 acerca del \u00ab<em>Caso Relativo al Derecho de Tr\u00e1nsito por Territorio Indio<\/em>\u00bb el Tribunal Internacional de la Haya dictaminar\u00e1 \u2013una de cal y otra de arena\u2013 que \u00ab<em>Portugal pose\u00eda en 1954 un derecho de paso entre los enclaves de Dadr\u00e1 y Nagar Haveli y el distrito costero de <\/em><\/span><em><span style=\"font-family: &quot;Times New Roman&quot;;\">Dam\u00e3o<\/span><\/em><em><span style=\"font-family: &quot;Times New Roman&quot;;\"> y entre los enclaves entre s\u00ed, por el territorio indio intermedio, en la medida necesaria para el ejercicio de la soberan\u00eda portuguesa sobre los enclaves y <span style=\"text-decoration: underline;\">bajo el control y la reglamentaci\u00f3n de la India<\/span>, para las personas privadas, los funcionarios civiles y las mercader\u00edas en general <span style=\"text-decoration: underline;\">aunque no para las fuerzas armadas, ni para la polic\u00eda, ni para las armas y municiones<\/span><\/span><\/em><span style=\"font-family: &quot;Times New Roman&quot;;\">\u00ab.<\/span><\/p>\n<p class=\"MsoNormal\" style=\"text-align: justify;\"><span style=\"font-family: &quot;Times New Roman&quot;;\"> <\/span><\/p>\n<p class=\"MsoNormal\" style=\"margin-bottom: 13pt; text-align: center;\" align=\"center\"><span style=\"font-family: &quot;Times New Roman&quot;;\"> <\/span><\/p>\n<p class=\"MsoNormal\" style=\"margin-bottom: 13pt; text-align: center;\" align=\"center\"><img loading=\"lazy\" decoding=\"async\" class=\"aligncenter size-full wp-image-274\" title=\"independence-of-india1\" src=\"https:\/\/www.opinioneslibres.es\/memoriasdeunexcentrico\/wp-content\/uploads\/2011\/11\/independence-of-india1.jpg\" alt=\"independence-of-india1\" width=\"490\" height=\"367\" \/><\/p>\n<p class=\"MsoNormal\" style=\"margin: 0cm 37.35pt 0.0001pt 36pt; text-align: justify;\"><span style=\"font-size: 10pt; font-family: &quot;Times New Roman&quot;;\">Cartel nacionalista ensalzando el decimoquinto aniversario de la independencia de la Uni\u00f3n India (15\/08\/1947).\u00a0 El ex-Estado Portugu\u00e9s de la India ya forma parte de la Uni\u00f3n India. El personaje con indumentaria de sambista carioca y soga al cuello representar\u00eda, a juzgar por los conspicuos colores rojo y verde, al derrotado colonialismo portugu\u00e9s. Las palomas pacifistas al vuelo, por su parte, a la <em>Satyagraha<\/em> (Deeep Nimana, \u00abPunjabi Graphics\u00bb, gentileza de Mr Kuldeep Singh Mankoo en DesiComments.com. Salvapantallas gratuitos).<br \/>\n<\/span><\/p>\n<p class=\"MsoNormal\" style=\"text-align: center;\" align=\"center\"><span style=\"font-family: &quot;Times New Roman&quot;;\"> <\/span><\/p>\n<p class=\"MsoNormal\" style=\"text-align: justify;\"><span style=\"font-family: &quot;Times New Roman&quot;;\"> <\/span><\/p>\n<p class=\"MsoNormal\" style=\"text-align: justify;\"><span style=\"font-family: &quot;Times New Roman&quot;;\">La toma de Dadr\u00e1 y Nagar Haveli subi\u00f3 varios puntos la tensi\u00f3n entre Portugal y la Uni\u00f3n India. La \u00abSatyagraha\u00bb (\u00ab<em>resistir con la fuerza pac\u00edfica de la verdad<\/em>\u00ab) y sus marchas eran el caballo de Troya gandhiano del Pandit Nerhu. En su interior, activistas bien entrenados y \u00ab<em>okupas<\/em>\u00bb dif\u00edcilmente desalojables. La de las \u00abmarchas pac\u00edficas\u00bb es una estrategia sencilla que, combinada con la subversi\u00f3n interna, mantiene presionados a los portugueses. \u00c9stos, tras haberlas sufrido durante siete a\u00f1os, decidir\u00e1n erradicarlas a\u00fan a costa de empa\u00f1ar la imagen de Portugal. <\/span><span style=\"font-family: &quot;Times New Roman&quot;;\">El Pandit finge preocupaci\u00f3n por las consecuencias del furor patri\u00f3tico de sus seguidores y, falsamente conciliador, prohibe que marchen sobre los tres enclaves que le quedan a Portugal \u00ab<em>los ciudadanos hind\u00faes no goeses<\/em>\u00ab.<\/span><span style=\"font-family: &quot;Times New Roman&quot;;\"> El ambiente exaltado de las celebraciones del 15 de Agosto de 1954 culmina \u2013\u00bfC\u00f3mo no?\u2013 en el env\u00edo de <em>satyagrahis<\/em> goeses, que cruzan la frontera de Goa por tres puntos. Uno de los grupos penetrar\u00e1 en el diminuto enclave de Tiracol, aislado en la margen derecha del r\u00edo de igual nombre, izando la bandera hind\u00fa en el fuerte que controla la desembocadura del r\u00edo. La r\u00e1pida reacci\u00f3n de los lusos permite recuperar el baluarte que ha estado a punto de correr, con todo su <em>hinterland<\/em>,\u00a0 la misma suerte de Dadr\u00e1 y Nagar Haveli. Sometidos de forma fulminante por las fuerzas portuguesas, los invasores goeses ser\u00e1n sumariamente juzgados y condenados a largos a\u00f1os de prisi\u00f3n en la Metropoli y Africa. Las duras sentencias vuelven a enfrentar a Portugal y la India, terminando los lusos por plegarse a las protestas de \u00e9stos \u00faltimos.<\/span><\/p>\n<p class=\"MsoNormal\" style=\"text-align: justify;\"><span style=\"font-family: &quot;Times New Roman&quot;;\"> <\/span><\/p>\n<p class=\"MsoNormal\" style=\"text-align: justify;\"><span style=\"font-family: &quot;Times New Roman&quot;;\"> <\/span><\/p>\n<p class=\"MsoNormal\" style=\"text-align: center;\" align=\"center\"><span style=\"font-family: &quot;Times New Roman&quot;;\"><img loading=\"lazy\" decoding=\"async\" class=\"aligncenter size-large wp-image-268\" title=\"satyagrahis_5\" src=\"https:\/\/www.opinioneslibres.es\/memoriasdeunexcentrico\/wp-content\/uploads\/2011\/11\/satyagrahis_5-1024x690.jpg\" alt=\"satyagrahis_5\" width=\"531\" height=\"358\" \/><\/span><\/p>\n<p class=\"MsoNormal\" style=\"text-align: justify;\"><span style=\"font-size: 10pt; font-family: &quot;Times New Roman&quot;;\"> <\/span><\/p>\n<p class=\"MsoNormal\" style=\"text-align: justify;\"><span style=\"font-family: &quot;Times New Roman&quot;;\"> <\/span><\/p>\n<p class=\"MsoNormal\" style=\"margin: 0cm 53.8pt 0.0001pt 2cm; text-align: justify;\"><strong><span style=\"font-size: 10pt; font-family: &quot;Times New Roman&quot;;\">(Figura 5).-<\/span><\/strong><span style=\"font-size: 10pt; font-family: &quot;Times New Roman&quot;;\"> Un grupo de \u00absatyagrahis\u00bb, enarbolando la bandera hind\u00fa, avanza sin impedimentos hacia el el territorio de Goa (fotograf\u00eda publicada \u2013ca. 1954\u2013 por la revista Life y <\/span><span style=\"font-size: 10pt; font-family: &quot;Times New Roman&quot;; color: #262626;\">recogida en <em>www.indiandefence.com<\/em> y <em>www.militaryphotos.net<\/em><\/span><span style=\"font-size: 10pt; font-family: &quot;Times New Roman&quot;;\">)<\/span><\/p>\n<p class=\"MsoNormal\" style=\"text-align: justify;\"><span style=\"font-family: &quot;Times New Roman&quot;;\"> <\/span><\/p>\n<p class=\"MsoNormal\" style=\"text-align: justify;\"><span style=\"font-family: &quot;Times New Roman&quot;;\"> <\/span><\/p>\n<p class=\"MsoNormal\" style=\"text-align: justify;\"><span style=\"font-family: &quot;Times New Roman&quot;;\"> <\/span><\/p>\n<p class=\"MsoNormal\" style=\"text-align: justify;\"><span style=\"font-family: &quot;Times New Roman&quot;;\"> <\/span><\/p>\n<p class=\"MsoNormal\" style=\"text-align: justify;\"><span style=\"font-family: &quot;Times New Roman&quot;;\">La conmemoraci\u00f3n del \u00ab<em>Independence Day<\/em>\u00bb de 1955 es la fecha elegida para llevar a cabo una escalada en la tenaz ofensiva \u00abSatyagraha\u00bb. Partidos de orientaci\u00f3n hindu\u00edsta-nacionalista-izquierdista, algunos de cuyos dirigentes conoce bien Jawaharlal Nehru, logran que entre 3.000 y 5.000 <em>satiagrahis<\/em> \u00abindependientes\u00bb se integren en columnas que penetran en Goa, con numerosas mujeres en sus filas, por varias localidades. Esta vez no s\u00f3lo les aguardan golpes de varas <em>lathi<\/em>. La polic\u00eda portuguesa tiene \u00f3rdenes de disparar y les causa casi 30 muertos y m\u00e1s de 120 heridos. Uno de los incidentes m\u00e1s graves tiene lugar en Banda \u2013a 50 Km de Pangim\u2013 donde polic\u00edas goeses, apoyados por soldados lusos y tropas coloniales mozambique\u00f1as disparan con fusiles y subametralladoras sobre 30 activistas, hiriendo a una mujer y dos hombres. La escena se ha hecho famosa por hallarse presentes el camar\u00f3grafo Arthur Bonner, de CBS, y el corresponsal de U.P.I., John Hlavacek, que intervinieron para rescatar a los heridos <\/span><span style=\"font-family: &quot;Times New Roman&quot;;\">(en <em>www.goanet.com<\/em>, portavoz del <em>Goa&#8217;s Freedom Movement<\/em>, la influyente familia Mascarenhas, adalid del <em>anschluss<\/em> de Goa,\u00a0 narra la historia con otros matices)<\/span><span style=\"font-family: &quot;Times New Roman&quot;;\">. En medio de la oleada de huelgas y manifestaciones que exigen una intervenci\u00f3n de la Uni\u00f3n India en las colonias portuguesas, Nerhu es acusado de \u00abpusilanimidad\u00bb. Las cr\u00edticas a su \u00abestrategia err\u00f3nea\u00bb le obligan a dejar de lado la \u00abSatyagraha\u00bb, lanz\u00e1ndose a un agresivo bloqueo de la India Portuguesa que ir\u00e1 acompa\u00f1ado por discursos de tono radical que denuncian una y otra vez la \u00ab<em>inmisericorde barbarie del Gobierno de Portugal<\/em>\u00ab.<\/span><\/p>\n<p class=\"MsoNormal\" style=\"text-align: justify;\"><span style=\"font-family: &quot;Times New Roman&quot;;\"><br \/>\n<\/span><\/p>\n<p class=\"MsoNormal\" style=\"text-align: justify;\"><span style=\"font-family: &quot;Times New Roman&quot;;\"> <\/span><\/p>\n<p class=\"MsoNormal\" style=\"text-align: center;\"><span style=\"font-family: &quot;Times New Roman&quot;;\"><img loading=\"lazy\" decoding=\"async\" class=\"aligncenter size-large wp-image-270\" title=\"tropas-incidente-fronterizo_31\" src=\"https:\/\/www.opinioneslibres.es\/memoriasdeunexcentrico\/wp-content\/uploads\/2011\/11\/tropas-incidente-fronterizo_31-1024x684.jpg\" alt=\"tropas-incidente-fronterizo_31\" width=\"465\" height=\"310\" \/><\/span><\/p>\n<p class=\"MsoNormal\" style=\"margin: 0cm 53.8pt 0.0001pt 2cm; text-align: justify;\"><strong><span style=\"font-size: 10pt; font-family: &quot;Times New Roman&quot;;\">(Figura 5).-<\/span><\/strong><span style=\"font-size: 10pt; font-family: &quot;Times New Roman&quot;;\"> En uno de los numerosos incidentes fronterizos, fuerzas policiales y militares portuguesas disuelven una \u00abmarcha pac\u00edfica\u00bb sobra Goa. Los \u00absatyagrahis\u00bb, vestidos de blanco, muestran el contenido\u00a0 de sus bolsas antes de ser transportados en veh\u00edculos militares y autobuses civiles hasta los destacamentos de polic\u00eda convertidos en centros de detenci\u00f3n (fotograf\u00eda publicada \u2013ca. 1954\u2013 por la revista Life y <\/span><span style=\"font-size: 10pt; font-family: &quot;Times New Roman&quot;; color: #262626;\">recogida en <em>www.indiandefence.com<\/em> y <em>www.militaryphotos.net<\/em><\/span><span style=\"font-size: 10pt; font-family: &quot;Times New Roman&quot;;\">)<\/span><\/p>\n<p class=\"MsoNormal\" style=\"margin: 0cm 53.8pt 0.0001pt 2cm; text-align: justify;\">\n<p class=\"MsoNormal\" style=\"margin: 0cm 53.8pt 0.0001pt 2cm; text-align: justify;\"><span style=\"font-size: 10pt; font-family: &quot;Times New Roman&quot;;\"><br \/>\n<\/span><\/p>\n<p class=\"MsoNormal\" style=\"margin: 0cm 53.8pt 0.0001pt 2cm; text-align: justify;\">\n<p class=\"MsoNormal\" style=\"margin: 0cm 53.8pt 0.0001pt 2cm; text-align: justify;\"><span style=\"font-size: 10pt; font-family: &quot;Times New Roman&quot;;\"><br \/>\n<\/span><\/p>\n<p class=\"MsoNormal\" style=\"margin: 0cm 53.8pt 0.0001pt 2cm; text-align: justify;\">\n<p class=\"MsoNormal\" style=\"margin: 0cm 53.8pt 0.0001pt 2cm; text-align: justify;\">\n<p class=\"MsoNormal\" style=\"margin: 0cm 53.8pt 0.0001pt 2cm; text-align: center;\"><span style=\"font-size: 10pt; font-family: &quot;Times New Roman&quot;;\">FIN DE LA TERCERA ENTREGA<\/span><\/p>\n<p class=\"MsoNormal\" style=\"margin: 0cm 53.8pt 0.0001pt 2cm; text-align: center;\">\n<p class=\"MsoNormal\" style=\"margin: 0cm 53.8pt 0.0001pt 2cm; text-align: center;\">\n<p class=\"MsoNormal\" style=\"margin: 0cm 53.8pt 0.0001pt 2cm; text-align: center;\"><span style=\"font-size: 10pt; font-family: &quot;Times New Roman&quot;;\"><strong>(CONTINUAR\u00c1)<\/strong><\/span><\/p>\n<p class=\"MsoNormal\" style=\"margin: 0cm 53.8pt 0.0001pt 2cm; text-align: center;\">\n<p class=\"MsoNormal\" style=\"margin: 0cm 53.8pt 0.0001pt 2cm; text-align: center;\">\n<p class=\"MsoNormal\" style=\"margin: 0cm 53.8pt 0.0001pt 2cm; text-align: justify;\"><span style=\"font-size: 9pt; font-family: Arial; color: blue;\">Los  textos aqu\u00ed inclu\u00eddos son de mi autor\u00eda aunque puedan inspirarse  gen\u00e9ricamente en narraciones anteriores de hechos reales, por lo general  bien conocidos y ampliamente comentados. Cuando las citas son literales  se ha inclu\u00eddo su origen. Los trabajos firmados por \u00abJaime  Garc\u00eda-Rodr\u00edguez\u00bb o \u00abJaime Colson-Pueyo\u00bb que aparecen como \u00abentradas\u00bb en  el apartado \u00abMemorias de un Exc\u00e9ntrico\u00bb del blog \u00abopinioneslibres.es\u00bb  est\u00e1n protegidos por las leyes de derechos de autor en vigor y ha sido  registrados en r\u00e9gimen de <em>copyright.<\/em> He hecho todo lo posible  para localizar a los autores o propietarios de las fotos y grabados que  se incluyen, cit\u00e1ndose en todo momento su origen. Los autores que lo  deseen pueden ponerse en contacto conmigo para que las retire o a\u00f1ada  informaci\u00f3n, si ese es su deseo. Gracias a todos. Jaime Garc\u00eda-Rodr\u00edguez  y A.<\/span><\/p>\n<p class=\"MsoNormal\" style=\"margin: 0cm 53.8pt 0.0001pt 2cm; text-align: justify;\"><span style=\"font-size: 10pt; font-family: &quot;Times New Roman&quot;;\"> <\/span><\/p>\n<p class=\"MsoNormal\" style=\"margin: 0cm 53.8pt 0.0001pt 2cm;\"><span style=\"font-size: 10pt; font-family: &quot;Times New Roman&quot;;\"> <\/span><\/p>\n<p class=\"MsoNormal\" style=\"text-align: justify;\"><span style=\"font-family: &quot;Times New Roman&quot;;\"> <\/span><\/p>\n<p class=\"MsoNormal\" style=\"text-align: justify;\"><span style=\"font-family: &quot;Times New Roman&quot;;\"> <\/span><\/p>\n","protected":false},"excerpt":{"rendered":"<p>\u00abQuem viu Goa, dispensa de ver Lisboa\u00ab (\u00abQuien conoce Goa pasa sin Lisboa\u00bb, refr\u00e1n indo-luso\u00bb) Sri Pandit Jawaharlal Nehru, el hombre que enamor\u00f3 a Lady Edwina Mountbatten, la \u00faltima virreina de la India, fu\u00e9 uno de los protagonistas del siglo XX. Heredero de Ghandi y fundador de una casta de pol\u00edticos, su personalidad compleja ha [&hellip;]<\/p>\n","protected":false},"author":1,"featured_media":0,"comment_status":"open","ping_status":"open","sticky":false,"template":"","format":"standard","meta":{"footnotes":""},"categories":[3],"tags":[],"class_list":["post-264","post","type-post","status-publish","format-standard","hentry","category-general"],"_links":{"self":[{"href":"https:\/\/www.opinioneslibres.es\/memoriasdeunexcentrico\/index.php?rest_route=\/wp\/v2\/posts\/264","targetHints":{"allow":["GET"]}}],"collection":[{"href":"https:\/\/www.opinioneslibres.es\/memoriasdeunexcentrico\/index.php?rest_route=\/wp\/v2\/posts"}],"about":[{"href":"https:\/\/www.opinioneslibres.es\/memoriasdeunexcentrico\/index.php?rest_route=\/wp\/v2\/types\/post"}],"author":[{"embeddable":true,"href":"https:\/\/www.opinioneslibres.es\/memoriasdeunexcentrico\/index.php?rest_route=\/wp\/v2\/users\/1"}],"replies":[{"embeddable":true,"href":"https:\/\/www.opinioneslibres.es\/memoriasdeunexcentrico\/index.php?rest_route=%2Fwp%2Fv2%2Fcomments&post=264"}],"version-history":[{"count":0,"href":"https:\/\/www.opinioneslibres.es\/memoriasdeunexcentrico\/index.php?rest_route=\/wp\/v2\/posts\/264\/revisions"}],"wp:attachment":[{"href":"https:\/\/www.opinioneslibres.es\/memoriasdeunexcentrico\/index.php?rest_route=%2Fwp%2Fv2%2Fmedia&parent=264"}],"wp:term":[{"taxonomy":"category","embeddable":true,"href":"https:\/\/www.opinioneslibres.es\/memoriasdeunexcentrico\/index.php?rest_route=%2Fwp%2Fv2%2Fcategories&post=264"},{"taxonomy":"post_tag","embeddable":true,"href":"https:\/\/www.opinioneslibres.es\/memoriasdeunexcentrico\/index.php?rest_route=%2Fwp%2Fv2%2Ftags&post=264"}],"curies":[{"name":"wp","href":"https:\/\/api.w.org\/{rel}","templated":true}]}}