{"id":324,"date":"2011-11-23T23:30:08","date_gmt":"2011-11-23T21:30:08","guid":{"rendered":"https:\/\/www.opinoineslibres.es\/memoriasdeunexcentrico\/?p=324"},"modified":"2011-11-23T23:30:08","modified_gmt":"2011-11-23T21:30:08","slug":"los-dientes-del-tigre-portugues-y-el-hombre-que-enamoro-a-lady-edwina-4","status":"publish","type":"post","link":"https:\/\/www.opinioneslibres.es\/memoriasdeunexcentrico\/?p=324","title":{"rendered":"\u00abLos Dientes del Tigre Portugu\u00e9s y el Hombre que Enamor\u00f3 a Lady Edwina\u00bb (4)"},"content":{"rendered":"<blockquote>\n<p class=\"MsoNormal\" style=\"text-align: center;\"><span style=\"font-size: 10pt; font-family: &quot;Times New Roman&quot;;\">\u00ab<em>Deus nos guarde de ano que entra com abade e sai com frade<\/em>\u00ab<\/span><\/p>\n<p class=\"MsoNormal\" style=\"text-align: center;\"><span style=\"font-family: &quot;Times New Roman&quot;;\">(<\/span><span style=\"font-size: 10pt; font-family: &quot;Times New Roman&quot;;\">refr\u00e1n, \u00abNos libre Dios del a\u00f1o que empieza con abad y acaba con fraile\u00bb)<\/span><\/p>\n<\/blockquote>\n<p class=\"MsoNormal\" style=\"text-align: center;\"><span style=\"font-family: &quot;Times New Roman&quot;;\"> <\/span><\/p>\n<p class=\"MsoNormal\" style=\"text-align: justify;\"><span style=\"font-family: &quot;Times New Roman&quot;;\">Nehru, escopeta en mano sobre el enorme elefante hind\u00fa, aguardaba pacientemente los frutos de la incesante aproximaci\u00f3n de todos sus batidores a la guarida del tigre portugu\u00e9s. El 8 de Agosto de 1955 la Uni\u00f3n India ordena clausurar la Embajada de Portugal en Nueva Delhi, abierta pese a haber abandonado la suya en Lisboa los indios el 11 de Junio de 1953. El 1 de Septiembre de 1955 la India rompe todos los lazos diplom\u00e1ticos y consulares con Portugal, sellando las fronteras con los territorios lusitanos.<\/span><span style=\"font-family: &quot;Times New Roman&quot;; color: #3b1e00;\"> Desde el 14 de Diciembre de 1955, fecha de su ingreso en las Naciones Unidas, Portugal intenta asegurarse el apoyo un\u00e1nime del grupo de naciones iberoamericanas, pero M\u00e9xico se desmarca y ofrece a la Uni\u00f3n India sus influencias en Am\u00e9rica Latina para \u00ab<em>ejercer presi\u00f3n sobre los portugueses en el tema de Goa<\/em>\u00ab. <\/span><span style=\"font-family: &quot;Times New Roman&quot;;\">En 1956 los hind\u00faes comienza a apoyar sin disimulos a la guerrilla goesa \u2013Los<\/span><em><span style=\"font-size: 10pt; font-family: &quot;Times New Roman&quot;;\"> <\/span><\/em><em><span style=\"font-family: &quot;Times New Roman&quot;;\">Azad Gomantak Dal<\/span><\/em><span style=\"font-family: &quot;Times New Roman&quot;;\">\u2013 que, envalentonada, destruyen importantes instalaciones mineras en la localidad de <\/span><span style=\"font-family: &quot;Times New Roman&quot;;\">Sirg\u00e3o.<\/span><span style=\"font-family: &quot;Times New Roman&quot;;\"> <\/span><span style=\"font-family: &quot;Times New Roman&quot;;\">En 1957, aprovechando el fin de la construcci\u00f3n de dos aeropuertos en<\/span><em><span style=\"font-family: &quot;Times New Roman&quot;;\"> <\/span><\/em><span style=\"font-family: &quot;Times New Roman&quot;;\">Dam\u00e3o y Diu para mantenerlos enlazados con Goa,<\/span><span style=\"font-family: &quot;Times New Roman&quot;;\"> el ej\u00e9rcito hind\u00fa despliega bater\u00edas antia\u00e9reas en zonas pr\u00f3ximas y amenaza con derribar cualquier aeronave que viole el espacio a\u00e9reo indio durante las maniobras de despegue o aterrizaje.<!--more--><\/span><\/p>\n<p class=\"MsoNormal\" style=\"margin: 0.1pt 0cm; text-align: justify;\"><span style=\"font-family: &quot;Times New Roman&quot;;\"> <\/span><\/p>\n<p class=\"MsoNormal\" style=\"margin: 0.1pt 0cm; text-align: justify;\"><span style=\"font-family: &quot;Times New Roman&quot;;\">Los intentos de estrangular a la India Portuguesa por la v\u00eda del bloqueo econ\u00f3mico no consiguen su objetivo. Fundamentalmente porque el nivel econ\u00f3mico de Goa siempre fu\u00e9 m\u00e1s alto que el de su vecino. El Estado Portugu\u00e9s de la India se defiende diversificando las importaciones y buscando nuevos mercados. El arroz se compra en Birmania y Pakist\u00e1n, las patatas en Holanda, las naranjas en Israel,<span> <\/span>la carne en Argentina y Sud\u00e1frica, el az\u00facar en Mozambique. Toda la producci\u00f3n de hierro y manganeso se coloca, de inmediato, en Jap\u00f3n y Europa. La tradicional emigraci\u00f3n a ciudades como Bombay cambia de rumbo y los emprendedores goeses comienzan a establecerse en el Portugal metropolitano y en las provincias del Imperio, sobre todo Mozambique. El bloqueo crea as\u00ed un parad\u00f3jico bienestar que, en 1958, obliga a la India a levantar parcialmente, la prohibici\u00f3n a sus nacionales y residentes extranjeros de viajar a los enclaves portugueses.<\/span><\/p>\n<p class=\"MsoNormal\" style=\"margin: 0.1pt 0cm; text-align: justify;\"><span style=\"font-family: &quot;Times New Roman&quot;;\"><br \/>\n<\/span><\/p>\n<p class=\"MsoNormal\" style=\"margin: 0.1pt 0cm; text-align: justify;\"><span style=\"font-family: &quot;Times New Roman&quot;; color: #000090;\"> <\/span><\/p>\n<p class=\"MsoNormal\" style=\"margin: 0.1pt 0cm; text-align: justify;\"><span style=\"font-family: &quot;Times New Roman&quot;; color: #000090;\">En <\/span><span style=\"font-family: &quot;Times New Roman&quot;;\">internet se repiten las citas sobre una pretendida propuesta, en 1956, del entonces Embajador de Portugal en Francia, Marcello Duarte \u2013una de las grandes figuras de la diplomac\u00eda portuguesa de todos los tiempos\u2013, secundada por el mism\u00edsimo Oliveira Salazar, destinada a determinar el futuro de Goa mediante consulta popular. Seg\u00fan dichas citas la propuesta no progres\u00f3 debido a la oposici\u00f3n frontal de los ministros de Asuntos Exteriores, Marcelo Caetano, y de Defensa, J\u00falio Carlos Botelho Moniz, aunque en 1957 volver\u00eda a replantearla el General Humberto Delgado. Ni estaba en el \u00e1nimo de Salazar crear precedentes \u00abpeligrosos\u00bb para el resto del Ultramar lusitano ni el despu\u00e9s golpista democr\u00e1tico Botelho Moniz, partidario de la descolonizaci\u00f3n y hombre de los Estados Unidos en Lisboa, se hubiese opuesto a tal iniciativa. De hecho, Nehru tem\u00eda que de llevarse a cabo un referendum en el Estado Portugu\u00e9s de la India los resultados podr\u00edan volverse en contra suya. Oliveira Salazar tambi\u00e9n. Por eso ambos l\u00edderes rechazaron cualquier tipo de consulta. Gracias a ellos nunca sabremos cu\u00e1les eran las aspiraciones de los goeses respecto a su futuro pol\u00edtico.<\/span><\/p>\n<p class=\"MsoNormal\" style=\"margin: 0.1pt 0cm; text-align: justify;\"><span style=\"font-family: &quot;Times New Roman&quot;;\"><br \/>\n<\/span><\/p>\n<p class=\"MsoNormal\" style=\"margin: 0.1pt 0cm; text-align: justify;\"><span style=\"font-family: &quot;Times New Roman&quot;; color: #000090;\"> <\/span><\/p>\n<p class=\"MsoNormal\" style=\"margin: 0.1pt 0cm; text-align: justify;\"><span style=\"font-family: &quot;Times New Roman&quot;;\">Sin que los a\u00f1os anteriores pudieran llamarse \u00abbuenos\u00bb, 1961 fu\u00e9 el verdadero \u00ab<em>annus horribilis<\/em>\u00bb de Ant\u00f3nio de Oliveira Salazar.<\/span><\/p>\n<p class=\"MsoNormal\" style=\"margin: 0.1pt 0cm; text-align: justify;\"><span style=\"font-family: &quot;Times New Roman&quot;;\"><br \/>\n<\/span><\/p>\n<p class=\"MsoNormal\" style=\"margin: 0.1pt 0cm; text-align: justify;\"><span style=\"font-family: &quot;Times New Roman&quot;; color: #000090;\"> <\/span><\/p>\n<p class=\"MsoNormal\" style=\"margin: 0.1pt 0cm; text-align: justify;\"><span style=\"font-family: Times;\">El 21 de Enero de 1961 tiene lugar un imaginativo golpe de mano: el secuestro del trasatl\u00e1ntico portugu\u00e9s \u00abSanta Mar\u00eda\u00bb. Se trataba <\/span><span style=\"font-family: &quot;Times New Roman&quot;;\">del segundo buque de la flota mercante lusitana, un lujoso nav\u00edo que, adem\u00e1s de transportar emigrantes y ofrecer servicios de crucero, reforzaba las comunicaciones entre Portugal y sus provincias ultramarinas. La operaci\u00f3n fu\u00e9 concebida por<\/span><span style=\"font-family: Times;\"> el<\/span><span style=\"font-family: &quot;Times New Roman&quot;;\"> nacionalista gallego Xos\u00e9 Velo Mosquera a requerimiento d<\/span><span style=\"font-family: Times;\">el general Humberto Delgado. La ejecutaron 26 voluntarios del grup\u00fasculo caraque\u00f1o \u00ab<em>Directorio Revolucionario Ib\u00e9rico de Liberaci\u00f3n<\/em>\u00bb (13 portugueses, 11 espa\u00f1oles y 2 parientes venezolanos del \u00ab<em>Comandante Sotomayor<\/em>\u00ab, ex-marino republicano de Pobra do Carami\u00f1al, obsesionado con demoler las colonias europeas). Mandaba a los secuestradores el <\/span><span style=\"font-family: &quot;Times New Roman&quot;;\">\u00ab<em>Comandante Galv\u00e3o<\/em>\u00ab, Henrique Carlos da Malta Galv\u00e3o,<\/span><span style=\"font-family: Times;\"> ex-capit\u00e1n del Ej\u00e9rcito Portugu\u00e9s.<\/span><span style=\"font-family: &quot;Times New Roman&quot;;\"> Henrique Galv\u00e3o era m\u00e1s conocido en Madrid como escritor \u2013\u00bb<em>K\u00farika: los Habitantes de la Selva<\/em>\u00ab, <em>Revista Literaria Novelas y Cuentos<\/em> (1955) y \u00ab<em>La Vida y la Muerte en la Selva<\/em>\u00ab, <em>Colecci\u00f3n C.Y.S.<\/em>, <em>Editorial Paraninfo<\/em> (1955)\u2013 que como revolucionario.<\/span><span style=\"font-family: Times;\"> <\/span><span style=\"font-family: &quot;Times New Roman&quot;;\">Se uni\u00f3 a las filas del anti-salazarismo cuando el dictador lo sancion\u00f3 por sus informes y advertencias siendo Inspector Superior de la Administraci\u00f3n Colonial en Angola y Mozambique. Galv\u00e3o hab\u00eda criticado duramente la existencia del \u00abtrabajo obligatorio\u00bb al que estaban sometidos los ind\u00edgenas. Propugnaba \u00ab<em>largos a\u00f1os de ben\u00e9fica presencia de un Portugal democr\u00e1tico y moderno en Africa para terminar de europeizar a las tribus negras<\/em>\u00ab. Los secuestradores de la \u00abSanta Mar\u00eda\u00bb, rebautizada \u00abSanta Libertade\u00bb \u2013descartado un golpe de mano contra las islas espa\u00f1olas o portuguesas del Golfo de Guinea\u2013 ponen proa a Luanda para desencadenar all\u00ed la revoluci\u00f3n anti-salazarista. Pero el 2 de febrero, escoltado por nav\u00edos americanos, termina la aventura corsaria en el puerto de Recife. Los revolucionarios son recibidos por Humberto Delgado y Brasil les concede asilo pol\u00edtico. La corbeta lusa \u00abPedro Escobar\u00bb fondear\u00e1 en las inmediaciones, dispuesta a hundir al trasatl\u00e1ntico a ca\u00f1onazos en la eventualidad de que sus ocupantes cambiasen de idea. No muy lejos de all\u00ed, el crucero espa\u00f1ol \u00abCanarias\u00bb recibe \u00f3rdenes de abandonar la persecuci\u00f3n del \u00abSanta Libertade\u00bb y zarpar hacia la Guinea Espa\u00f1ola.<br \/>\n<\/span><\/p>\n<p class=\"MsoNormal\" style=\"margin: 0.1pt 0cm; text-align: justify;\"><span style=\"font-family: &quot;Times New Roman&quot;;\"><br \/>\n<\/span><\/p>\n<p class=\"MsoNormal\" style=\"margin: 0.1pt 0cm; text-align: justify;\"><span style=\"font-family: &quot;Times New Roman&quot;;\"> <\/span><\/p>\n<p class=\"MsoNormal\" style=\"margin: 0.1pt 0cm; text-align: justify;\"><span style=\"font-family: &quot;Times New Roman&quot;;\">A\u00f1os despu\u00e9s, desde el Gabinete de Prensa del Presidente venezolano Rafael Caldera, para el cual trabajaba, Celso Emilio Ferreiro, el gran poeta del exilio gallego, rememorar\u00e1 \u00ab<em>aquela fermosa toler\u00eda<\/em>\u00bb (aquella hermosa chaladura). <em>Toler\u00eda<\/em> que el \u00ab<em>Comandante Galv\u00e3o<\/em>\u00bb har\u00e1 a\u00fan m\u00e1s <em>fermosa<\/em> osando pronunciar en las Naciones Unidas, el 13 de Diciembre de 1963, un memorable discurso <\/span><span style=\"font-family: &quot;Times New Roman&quot;;\">sobre la \u00ab<em>Cuesti\u00f3n Ultramarina Portuguesa<\/em>\u00bb donde record\u00f3 que los nacionalistas africanos, peones de la Guerra Fr\u00eda, \u00ab<em>hac\u00edan el juego a Mosc\u00fa o a Washington<\/em>\u00bb e \u00ab<em>ignoraban la realidad tribal y conflictiva del continente<\/em>\u00ab, mostr\u00e1ndose partidario de que las colonias lusas se integrasen en una federaci\u00f3n con el Portugal metropolitano. Sus alegatos en contra de las descolonizaciones precipitadas y politizadas le valdr\u00edan la repulsa de un escandalizado grupo de naciones africanas, la ruptura con el General Delgado, el desprecio de la izquierda y el anatema de los dem\u00e1s opositores al <em>Estado Novo<\/em>. En 1970, Henrique Galv\u00e3o, olvidado de todos y olvidado de s\u00ed mismo a causa del mal de Alzheimer, falleci\u00f3 en S\u00e3o Paulo.<\/span><\/p>\n<p class=\"MsoNormal\" style=\"text-align: justify;\"><span style=\"font-family: &quot;Times New Roman&quot;;\"><span> <\/span><\/span><\/p>\n<p class=\"MsoNormal\" style=\"text-align: justify;\"><span style=\"font-family: &quot;Times New Roman&quot;;\">La sinton\u00eda entre el rapto de la \u00abSanta Mar\u00eda\u00bb y el ataque a centros de la capital angolana, se ha atribu\u00eddo -con raz\u00f3n o sin ella- a la coordinaci\u00f3n entre los comunistas y al espionaje sovi\u00e9tico. El 4 de Febrero el marxista MPLA (<\/span><em><span style=\"font-family: &quot;Times New Roman&quot;;\">Movimento Popular de Liberta\u00e7\u00e3o de Angola<\/span><\/em><span style=\"font-family: &quot;Times New Roman&quot;;\">), en el cual militaban \u00e9lites negras de Luanda y la etnia Umbundu, se habr\u00eda beneficiado de esa coordinaci\u00f3n para llevar a cabo acciones armadas contra la Prisi\u00f3n Militar del puerto de Luanda, la emisora Cadena Civil en el distrito Luanda-S<\/span><span style=\"font-family: &quot;Times New Roman&quot;;\">\u00e3o Paulo y el Destacamento de Polic\u00eda de la carretera de Catete. Aunque murieron varios polic\u00edas, la rebeli\u00f3n fu\u00e9 sofocada ese mismo d\u00eda.<\/span><\/p>\n<p class=\"MsoNormal\" style=\"text-align: justify;\"><span style=\"font-family: &quot;Times New Roman&quot;;\"> <\/span><\/p>\n<p class=\"MsoNormal\" style=\"text-align: justify;\"><span style=\"font-family: &quot;Times New Roman&quot;;\">Sin embargo, Holden Roberto, fundador en 1954 de la organizaci\u00f3n tribalista UPNA (<em>Uni\u00e3o dos Povos do Norte de Angola<\/em>), sublimada en la nacionalista UPA, fu\u00e9 qui\u00e9n verdaderamente aprovech\u00f3 el \u00e9xito de la acci\u00f3n del Comandante Galv\u00e3o como trampol\u00edn pol\u00edtico. Educado por misioneros baptistas norteamericanos de entra\u00f1a anti-colonialista, fu\u00e9 un ferviente anticomunista que se gan\u00f3 el apoyo de los Estados Unidos \u2013al punto de ser inclu\u00eddo en la n\u00f3mina de la CIA\u2013 como presidente <em>in pectore<\/em> de una futura Angola independiente<\/span><span style=\"font-size: 11pt; font-family: &quot;Times New Roman&quot;; color: blue;\">.<\/span><span style=\"font-family: &quot;Times New Roman&quot;;\"> Gracias a su estrecha relaci\u00f3n personal con el Presidente Habib Bourguiba, \u00e9ste hab\u00eda comenzado a armar a los rebeldes de Holden Roberto vali\u00e9ndose del contigente tunecino de Naciones Unidas estacionado en el Congo, entren\u00e1ndolos en locales de la Delegaci\u00f3n de T\u00fanez en Kinshas\u00e1. <\/span><\/p>\n<p class=\"MsoNormal\" style=\"text-align: justify;\"><span style=\"font-family: &quot;Times New Roman&quot;;\"> <\/span><\/p>\n<p class=\"MsoNormal\" style=\"text-align: justify;\"><span style=\"font-family: &quot;Times New Roman&quot;;\">El 4 de Marzo la Administraci\u00f3n Kennedy, temiendo otra descolonizaci\u00f3n tan catastr\u00f3fica como la del Congo Belga, di\u00f3 orden a su Embajador en Lisboa, C. Burke Elbrick, de prevenir al Ministro de Defensa de Portugal, General J\u00falio Botelho Moniz, acerca de los preparativos de la UPA. Por desgracia, el general estaba demasiado enfrascado en su propia intentona para derrocar a Salazar y no prest\u00f3 la atenci\u00f3n que el aviso merec\u00eda.<\/span><\/p>\n<p class=\"MsoNormal\" style=\"text-align: justify;\"><span style=\"font-family: &quot;Times New Roman&quot;;\"> <\/span><\/p>\n<p class=\"MsoNormal\" style=\"text-align: justify;\"><span style=\"font-family: &quot;Times New Roman&quot;;\">El 15 de Marzo, 5.000 seguidores de Holden Roberto, miembros como \u00e9l de la etnia Bakongo, fueron incitados a sublevarse contra una presencia portuguesa de m\u00e1s de cuatro siglos, en lo que fuera parte del antiguo Reino del Congo. El mantenimiento del trabajo obligatorio hab\u00eda abonado el terreno para la insurrecci\u00f3n. Los brujos se hab\u00edan ocupado de limar dientes y repartir amuletos contra las balas y <em>milongos<\/em> (bebedizos) que daban invisibilidad y coraje. Aunque no faltan quienes ensalzan aquella ocasi\u00f3n como \u00ab<em>el<\/em> <em>arranque glorioso de la liberaci\u00f3n de Angola<\/em>\u00ab, en realidad no fu\u00e9 sino una org\u00eda de sangre en la que murieron, bestialmente asesinados, m\u00e1s de 1.000 blancos y 8.000 trabajadores negros a golpe de <em>catana<\/em> (machete). El derroche de sadismo, canibalismo, hechicer\u00eda e inhumanidad desplegado por la horda de bakongos en sus matanzas solo encuentra parang\u00f3n en las revueltas de los esclavos haitianos en 1791 y, en definitiva, no hizo sino cerrar las perspectivas de una independencia civilizada para Angola abriendo un largo ciclo de violencia. Holden Roberto se hallaba visitando la sede las Naciones Unidas en Nueva York cuando comenzaron a llegar los espeluznantes detalles de la <em>chacina<\/em> (masacre con despedazamiento) y, seg\u00fan sus propias palabras: \u00ab<em>estaba entre blancos y no tuve valor para reivindicar la acci\u00f3n<\/em>\u00ab. Al final lo hizo porque tem\u00eda que el MPLA terminara por atribu\u00edrsela. Puede que el <em>cristian\u00edsimo<\/em> pupilo de Washington temiera por el futuro de su n\u00f3mina en la CIA de conocerse su responsabilidad en aquel desvar\u00edo.<\/span><\/p>\n<p class=\"MsoNormal\" style=\"text-align: justify;\"><span style=\"font-family: &quot;Times New Roman&quot;;\"> <\/span><\/p>\n<p class=\"MsoNormal\" style=\"margin: 0.1pt 0cm; text-align: justify;\"><span style=\"font-family: &quot;Times New Roman&quot;;\">Ante la ca\u00edda de todo el Norte de Angola y el avance imparable de los rebeldes, los portugueses echaron mano de la improvisaci\u00f3n. Los paracaidistas, env\u00edados desde Lisboa en los <\/span><em><span style=\"font-family: &quot;Times New Roman&quot;;\">Lockheed Super Constellation<\/span><\/em><span style=\"font-family: &quot;Times New Roman&quot;;\"> de la compa\u00f1\u00eda TAP, estaban combatiendo contra los insurgentes a las 48 horas del primer ataque.<\/span><span style=\"font-family: &quot;Times New Roman&quot;;\"> Los peque\u00f1os monomotores T-6 <em>Texan<\/em>, un ruidoso pero s\u00f3lido avi\u00f3n de entrenamiento, se convirtieron en una valios\u00edsima ayuda al poder montar ametralladoras, bombas y cohetes. Los aviones <em>Noratlas<\/em> de transporte, que habitualmente transportaban un pasaje de 50 personas, llegaron a despegar con m\u00e1s de 240 personas a bordo. Se importaron armas de Inglaterra. Se utiliz\u00f3 el material de la OTAN. Se reconvirti\u00f3 un ej\u00e9rcito pensado para combatir a la Uni\u00f3n Sovi\u00e9tica en Europa en unidades m\u00f3viles anti-subversi\u00f3n apoyadas por comandos y tropas nativas. Se hicieron colectas para comprar ambulancias en la Metropoli. En aquellos momentos la prioridad era Africa y la consigna de Salazar fu\u00e9 dirigirse a Angola \u00ab<em>rapidamente e em for\u00e7a<\/em>\u00bb (de forma r\u00e1pida y contundente). Gracias a ello cambi\u00f3 el curso de los combates y fu\u00e9 recuperado todo el terreno perdido. Al precio de una represi\u00f3n que presuntamente cost\u00f3 alrededor de 5.000 muertos y el \u00e9xodo de la d\u00e9cima parte de la poblaci\u00f3n angole\u00f1a al Congo ex-belga (\u00ab<em>Orgueilleusement Seuls?: La r\u00e9sistance coloniale portugaise \u00e0 Goa durant la Gu\u00e9rre Froide et la D\u00e9colonisation 1955-61<\/em>\u00ab; Sandrine B\u00e8gue, 2005, Univ. de Rennes; Lettres du C.I.D.I.F., Lettre n\u00ba34\/35, Nov. 2006).<\/span><\/p>\n<p class=\"MsoNormal\" style=\"text-align: justify;\"><span style=\"font-family: &quot;Times New Roman&quot;;\"> <\/span><\/p>\n<p class=\"MsoNormal\" style=\"text-align: justify;\"><span style=\"font-family: &quot;Times New Roman&quot;;\">Del 25 al 31 de Marzo de 1961, tiene lugar la 3\u00aa Conferencia Popular Panafricana del Cairo, cuyos delegados legitiman el uso de la fuerza para liquidar el Imperialismo y aprueban una serie de mociones sobre Argelia, Camer\u00fan, Sud\u00e1frica, el Congo y <em>las colonias portuguesas<\/em>.<\/span><\/p>\n<p class=\"MsoNormal\" style=\"text-align: justify;\"><span style=\"font-size: 11pt; font-family: &quot;Times New Roman&quot;; color: blue;\"> <\/span><\/p>\n<p class=\"MsoNormal\" style=\"text-align: justify;\"><span style=\"font-family: &quot;Times New Roman&quot;;\">El 27 de Marzo el Secretario de Estado norteamericano Dean Rusk, alarmado, se desplaz\u00f3 a Lisboa para presentar un plan de autodeterminaci\u00f3n para las colonias portuguesas. Propuso darles la independencia despu\u00e9s de un per\u00edodo de transici\u00f3n de 8 a\u00f1os, tras el cual decidir\u00edan, mediante referendum, el tipo de asociaci\u00f3n que deseaban mantener con la Metropoli. A cambio de ello la OTAN conceder\u00eda a Portugal quinientos millones de d\u00f3lares para modernizar su ecom\u00eda. Ant\u00f3nio de Oliveira Salazar rechaz\u00f3 rotundamente la oferta.<\/span><\/p>\n<p class=\"MsoNormal\" style=\"text-align: justify;\"><span style=\"font-family: &quot;Times New Roman&quot;;\"> <\/span><\/p>\n<p class=\"MsoNormal\" style=\"text-align: justify;\"><span style=\"font-family: Times;\">La intransigencia del Jefe de Gobierno portugu\u00e9s hab\u00eda cerrado la puerta a cualquier negociaci\u00f3n pol\u00edtica susceptible de proteger casi cinco siglos de cultura lusitana y especificidad goesa. Adem\u00e1s, hab\u00eda sacrificado la defensa del territorio al reducir sus efectivos -que inclu\u00edan tropas de \u00e9lite mozambique\u00f1as- de 12.000 a 3.500, retirando un buque de guerra de la zona. El gambito de Ant\u00f3nio de Oliveira Salazar anticipaba tres jugadas: (1).- Necesitaba esas fuerzas en Africa; (2).- Era in\u00fatil reforzar las defensas del <em>Estado da \u00cdndia<\/em> mientras la Uni\u00f3n India estuviese en condiciones de rebasar <em>\u00abn\u00bb veces<\/em> cualquier escalada militar portuguesa. (3).- Una agresi\u00f3n militar de<\/span><span style=\"font-family: &quot;Times New Roman&quot;;\">l Sri Pandit Jawaharlal Nehru contra los indefensos enclaves lusos llevar\u00edan el estigma de \u00ab<em>uso excesivo de la fuerza<\/em>\u00bb y de traici\u00f3n a los principios gandhianos. Este planteamiento era correcto pero con una premisa equivocada: suponer que Nehru era pacifista antes que pol\u00edtico. Despu\u00e9s del <em>Pandit <\/em>nadie ha osado -salvo las organizaciones de propaganda sovi\u00e9ticas- proclamar el \u00abpacifismo\u00bb como norma cre\u00edble de pol\u00edtica internacional.<\/span><\/p>\n<p class=\"MsoNormal\" style=\"text-align: justify;\"><span style=\"font-family: &quot;Times New Roman&quot;;\"> <\/span><\/p>\n<p class=\"MsoNormal\" style=\"margin: 0.1pt 0cm; text-align: justify;\"><span style=\"font-family: &quot;Times New Roman&quot;;\">El 1 de Agosto de 1961 el reci\u00e9n independizado<\/span><span style=\"font-family: &quot;Times New Roman&quot;;\"> Dahomey quiso <\/span><span style=\"font-family: &quot;Times New Roman&quot;;\">dar un empuj\u00f3n m\u00e1s al andamiaje colonial portugu\u00e9s que, contra todas las previsiones, hab\u00eda resistido en Angola. Lo hace ocupando la min\u00fascula fortaleza interior de <\/span><span style=\"font-family: &quot;Times New Roman&quot;;\">S\u00e3o Jo\u00e3o Baptista de Ajud\u00e1. El Primer Ministro portugu\u00e9s debi\u00f3 experimentar entonces una irremisible sensaci\u00f3n de \u00ab<em>d\u00e9j\u00e0 vu<\/em>\u00ab. O algo peor: la saudade del destino inexorable. Y Nehru, al otro lado del mundo, seguramente viajar\u00eda de nuevo al futuro para ver el mapa donde empezaban a borrarse los enclaves lusos en la India. Administrada por Portugal desde las islas de Santo Tom\u00e9 y Pr\u00edncipe, la fortaleza era la m\u00e1s peque\u00f1a unidad pol\u00edtica del mundo reconocida por las Naciones Unidas: un fort\u00edn del siglo XVII, de apenas 1 km<\/span><sup><span style=\"font-family: &quot;Times New Roman&quot;;\">2<\/span><\/sup><span style=\"font-family: &quot;Times New Roman&quot;;\">, <\/span><span style=\"font-family: &quot;Times New Roman&quot;;\">consistente en una muralla con cuatro torres esquineras que encerraba una iglesia y un edificio administrativo. Al ser ocupado el mini-enclave por polic\u00edas dahomeyanos, lo guarnec\u00edan dos personas. Antes de ser detenidos y puestos en la frontera con Nigeria, el administrador portugu\u00e9s y su ayudante cumplieron con las \u00f3rdenes recibidas e incendiaron la residencia principal. De pobre valor estrat\u00e9gico la plaza era rica en historia. Fundada hacia 1680, fu\u00e9 administrada por Brasil entre 1721 y 1730 por conveniencias del tr\u00e1fico de esclavos y permiti\u00f3 a Portugal ejercer un protectorado de hecho sobre Dahomey -cuya lengua diplom\u00e1tica era el portugu\u00e9s- al cual puso fin la colonizaci\u00f3n francesa. La ocupaci\u00f3n de S\u00e3o Jo\u00e3o de Ajud\u00e1 no fu\u00e9 reconocida por Portugal hasta 1985. La Fundaci\u00f3n Calouste Gulbenkian de Lisboa financi\u00f3 en 1987 la reconstrucci\u00f3n y transformaci\u00f3n del fuerte en museo, salvando as\u00ed los s\u00edmbolos de una lusitanidad que, de otra forma, se habr\u00edan tragado el cemento y el asfalto de la bulliciosa ciudad de Ouidah, en la actual Rep\u00fablica de Ben\u00edn.<\/span><\/p>\n<p class=\"MsoNormal\" style=\"margin: 0.1pt 0cm; text-align: justify;\"><span style=\"font-family: &quot;Times New Roman&quot;;\"> <\/span><\/p>\n<p class=\"MsoNormal\" style=\"text-align: justify;\"><span style=\"font-family: &quot;Times New Roman&quot;;\">En Septiembre de 1961, la Primera Conferencia Cumbre de Belgrado instituy\u00f3 el \u00ab<em>Movimiento de Pa\u00edses no Alineados<\/em>\u00bb y sirvi\u00f3 de caja de resonacia al descontento de cuantos, esperando una mayor ayuda de la India para combatir a Portugal en Ultramar, se sent\u00edan defraudados por el inmovilismo de la no-alineaci\u00f3n hind\u00fa. Las cosas ya no eran tan f\u00e1ciles como en 1955, a ra\u00edz de la Conferencia Afroasi\u00e1tica de Bandung. Aquellas jornadas triunfales consagraron el liderazgo del Pandit Nehru en el emergente \u00ab<em>Tercer Mundo<\/em>\u00ab, elev\u00e1ndolo a la altura de mitos pol\u00edticos como Sukarno, Nasser, Tito, o Kwame N&#8217;Kruma. Bastaba suscribir los gen\u00e9ricos \u00abDiez Princ\u00edpios de Bandung\u00bb para sentirse gur\u00fa de la lucha no violenta con poco m\u00e1s all\u00e1 que una ret\u00f3rica condenaci\u00f3n del \u00abcolonialismo portugu\u00e9s\u00bb. Pero, seis a\u00f1os despu\u00e9s, <\/span><span style=\"font-family: &quot;Times New Roman&quot;;\">la presi\u00f3n anti-portuguesa es cada vez mayor en las conferencias panafricanas y asambleas afroasi\u00e1ticas y empieza a esperarse \u00abalg\u00fan\u00bb gesto de apoyo hind\u00fa a la lucha por la liberaci\u00f3n de los territorios portugueses.<\/span><\/p>\n<p class=\"MsoNormal\" style=\"text-align: justify;\"><span style=\"font-family: &quot;Times New Roman&quot;;\"> <\/span><\/p>\n<p class=\"MsoNormal\" style=\"text-align: justify;\"><span style=\"font-family: &quot;Times New Roman&quot;;\">En los cuatro d\u00edas de duraci\u00f3n del Seminario sobre Colonialismo Portugu\u00e9s celebrado en Octubre de 1961 en Nueva Delhi y Bombay, con la participaci\u00f3n de numerosos pa\u00edses africanos, los m\u00e1s radicales consideran la desaparici\u00f3n del <em>Estado da \u00cdndia<\/em> imprescindible para desencadenar la revoluci\u00f3n en<span> <\/span>toda el Africa portuguesa. Corren rumores sobre la \u00abblandura\u00bb de Nehru con los enclaves portugueses y su incapacidad para liderar el mundo afroasi\u00e1tico. En cambio, la figura del nacionalista Krishna Menon, Ministro de Defensa hind\u00fa, est\u00e1 en alza.<\/span><\/p>\n<p class=\"MsoNormal\" style=\"text-align: justify;\"><span style=\"font-family: &quot;Times New Roman&quot;;\"> <\/span><\/p>\n<p class=\"MsoNormal\" style=\"text-align: justify;\"><span style=\"font-family: &quot;Times New Roman&quot;;\">Intelectual brillant\u00edsimo \u2013fu\u00e9 co-fundador de las archiconocidas bibliotecas de libros de bolsillo <em>Pelican <\/em>y <em>Penguin<\/em>\u2013, zelota anti-imperialista y creador de la idea de \u00abno-alineaci\u00f3n\u00bb, Menon es tan detestado en Occidente como amado en su patria. A dos meses de las elecciones, acosado pol\u00edticamente por la creciente popularidad de su rival, el Pandit Jawaharlal Nehru, siente peligrar su permanencia como Primer Ministro de la Uni\u00f3n India y l\u00edder del Partido del Congreso. Forzado a elegir entre practicar el pacifismo o conservar su puesto, Nehru eligi\u00f3 lo segundo. Aprovechando la convocatoria de una gigantesca manifestaci\u00f3n en Bombay en apoyo de las conclusiones del Seminario sobre Colonialismo Portugu\u00e9s, Nehru se quita la m\u00e1scara y lanza un discurso tan falso como radicalizado: \u00ab<em>Los acontecimientos de Goa nos obligan a replantear nuestra posici\u00f3n; es sobre todo en estos \u00faltimos meses cuando hemos ido conociendo los casos de tortura y el r\u00e9gimen de terror que all\u00ed han impuesto los portugueses. Cuando digo replantear quiero decir que los portugueses no nos dejan m\u00e1s alternativa que utilizar otros medios para resolver este problema. No puedo adelantar cu\u00e1ndo o c\u00f3mo vamos a hacerlo. Pero que nadie dude de que, pronto, Goa ser\u00e1 libre<\/em>\u00ab. Ha dicho lo que los nacionalistas quer\u00edan o\u00edr y la multitud, enardecida, le aplaude. Cuenta con el apoyo de la Uni\u00f3n Sovi\u00e9tica y del Movimiento de los No Alineados y con la indiferencia de los Estados Unidos y de Europa.<\/span><\/p>\n<p class=\"MsoNormal\" style=\"margin: 0.1pt 0cm; text-align: justify;\"><span style=\"font-family: &quot;Times New Roman&quot;;\"> <\/span><\/p>\n<p class=\"MsoNormal\" style=\"margin: 0.1pt 0cm; text-align: justify;\"><span style=\"font-family: &quot;Times New Roman&quot;;\">El 10 de Noviembre tiene lugar la \u00ab<em>Opera\u00e7\u00e3o Vag\u00f4<\/em>\u00ab, el primer secuestro de un avi\u00f3n con fines pol\u00edticos. Lo ha planificado el \u00ab<em>Comandante Galv\u00e3o<\/em>\u00bb y lo ejecuta el revolucionario Herm\u00ednio da Palma In\u00e1cio. \u00c9ste, tras hacerse con uno de los inefables <em>Lockheed Super Constellation<\/em> de la TAP que cubre la ruta Casablanca-Lisboa, obliga al piloto a simular un aterrizaje fallido en Lisboa y sobrevuela la capital, Barreiro, Beja y Faro, lanzando 100.000 panfletos con un manifiesto del \u00ab<\/span><em><span style=\"font-family: &quot;Times New Roman&quot;;\">Frente Antitotalit\u00e1ria dos Portugueses Livres do?Estrangeiro<\/span><\/em><span style=\"font-family: &quot;Times New Roman&quot;;\">\u00bb que denuncia la falsedad de las pr\u00f3ximas elecciones para la Asamblea Nacional. Los dos cazas <em>Sabre F-86<\/em> que despegan de la base de Monte Real no consiguen interceptar a la aeronave y, de regreso a Marruecos, los duchos pilotos de la TAP evitan ser el objetivo de la artiller\u00eda de dos buques de guerra portugueses volando entre ellos a ras del agua. Los secuestradores terminar\u00e1n brindando con el champ\u00e1n de a bordo por el \u00e9xito de la operaci\u00f3n y obsequiando con una rosa a todas las pasajeras. El nombre que recibi\u00f3 la operaci\u00f3n posee magia propia. \u00ab<em>Vag\u00f4<\/em>\u00bb significa <em>incierto<\/em>, <em>vacante<\/em> y <em>vac\u00edo<\/em>, pero tambi\u00e9n es \u00ab<em>tigre<\/em>\u00bb en hindo-portugu\u00e9s. En 1966 Henrique Galv\u00e3o publicar\u00e1, desde su exilio brasile\u00f1o, \u00ab<\/span><em><span style=\"font-family: &quot;Times New Roman&quot;;\">O Homem e o Tigre: Vag\u00f4<\/span><\/em><span style=\"font-family: &quot;Times New Roman&quot;;\">\u00bb (\u00ab<em>El Hombre y el Tigre<\/em>\u00ab). Pero si \u00ab<em>el Coronel no tiene quien le escriba<\/em>\u00ab, tampoco tiene ya el <em>Comandante <\/em>qui\u00e9n lo lea&#8230;<\/span><\/p>\n<p class=\"MsoNormal\" style=\"margin: 0.1pt 0cm; text-align: justify;\"><span style=\"font-family: &quot;Times New Roman&quot;;\"><br \/>\n<\/span><\/p>\n<p class=\"MsoNormal\" style=\"margin: 0.1pt 0cm; text-align: justify;\">\n<p class=\"MsoNormal\" style=\"margin: 0.1pt 0cm; text-align: center;\"><span style=\"font-family: &quot;Times New Roman&quot;;\">FIN DE LA CUARTA ENTREGA<\/span><\/p>\n<p class=\"MsoNormal\" style=\"margin: 0.1pt 0cm; text-align: center;\">\n<p class=\"MsoNormal\" style=\"margin: 0.1pt 0cm; text-align: center;\"><span style=\"font-family: &quot;Times New Roman&quot;;\"><strong>(CONTINUAR\u00c1)<\/strong><\/span><\/p>\n<p class=\"MsoNormal\" style=\"margin: 0.1pt 0cm; text-align: center;\">\n<p class=\"MsoNormal\" style=\"margin: 0.1pt 0cm; text-align: center;\">\n<p class=\"MsoNormal\" style=\"margin: 0.1pt 0cm; text-align: justify;\"><span style=\"font-size: 9pt; font-family: Arial; color: blue;\">Los  textos aqu\u00ed inclu\u00eddos son de mi autor\u00eda aunque puedan inspirarse  gen\u00e9ricamente en narraciones anteriores de hechos reales, por lo general  bien conocidos y ampliamente comentados. Cuando las citas son literales  se ha inclu\u00eddo su origen. Los trabajos firmados por \u00abJaime  Garc\u00eda-Rodr\u00edguez\u00bb o \u00abJaime Colson-Pueyo\u00bb que aparecen como \u00abentradas\u00bb en  el apartado \u00abMemorias de un Exc\u00e9ntrico\u00bb del blog \u00abopinioneslibres.es\u00bb  est\u00e1n protegidos por las leyes de derechos de autor en vigor y ha sido  registrados en r\u00e9gimen de <em>copyright.<\/em> He hecho todo lo posible  para localizar a los autores o propietarios de las fotos y grabados que  se incluyen, cit\u00e1ndose en todo momento su origen. Los autores que lo  deseen pueden ponerse en contacto conmigo para que las retire o a\u00f1ada  informaci\u00f3n, si ese es su deseo. Gracias a todos. Jaime Garc\u00eda-Rodr\u00edguez  y A.<\/span><\/p>\n<p class=\"MsoNormal\" style=\"margin: 0.1pt 0cm; text-align: center;\">\n<p class=\"MsoNormal\" style=\"margin: 0.1pt 0cm; text-align: center;\"><span style=\"font-family: &quot;Times New Roman&quot;;\"><strong><br \/>\n<\/strong><\/span><\/p>\n<p class=\"MsoNormal\">\n","protected":false},"excerpt":{"rendered":"<p>\u00abDeus nos guarde de ano que entra com abade e sai com frade\u00ab (refr\u00e1n, \u00abNos libre Dios del a\u00f1o que empieza con abad y acaba con fraile\u00bb) Nehru, escopeta en mano sobre el enorme elefante hind\u00fa, aguardaba pacientemente los frutos de la incesante aproximaci\u00f3n de todos sus batidores a la guarida del tigre portugu\u00e9s. El [&hellip;]<\/p>\n","protected":false},"author":1,"featured_media":0,"comment_status":"open","ping_status":"open","sticky":false,"template":"","format":"standard","meta":{"footnotes":""},"categories":[3],"tags":[],"class_list":["post-324","post","type-post","status-publish","format-standard","hentry","category-general"],"_links":{"self":[{"href":"https:\/\/www.opinioneslibres.es\/memoriasdeunexcentrico\/index.php?rest_route=\/wp\/v2\/posts\/324","targetHints":{"allow":["GET"]}}],"collection":[{"href":"https:\/\/www.opinioneslibres.es\/memoriasdeunexcentrico\/index.php?rest_route=\/wp\/v2\/posts"}],"about":[{"href":"https:\/\/www.opinioneslibres.es\/memoriasdeunexcentrico\/index.php?rest_route=\/wp\/v2\/types\/post"}],"author":[{"embeddable":true,"href":"https:\/\/www.opinioneslibres.es\/memoriasdeunexcentrico\/index.php?rest_route=\/wp\/v2\/users\/1"}],"replies":[{"embeddable":true,"href":"https:\/\/www.opinioneslibres.es\/memoriasdeunexcentrico\/index.php?rest_route=%2Fwp%2Fv2%2Fcomments&post=324"}],"version-history":[{"count":0,"href":"https:\/\/www.opinioneslibres.es\/memoriasdeunexcentrico\/index.php?rest_route=\/wp\/v2\/posts\/324\/revisions"}],"wp:attachment":[{"href":"https:\/\/www.opinioneslibres.es\/memoriasdeunexcentrico\/index.php?rest_route=%2Fwp%2Fv2%2Fmedia&parent=324"}],"wp:term":[{"taxonomy":"category","embeddable":true,"href":"https:\/\/www.opinioneslibres.es\/memoriasdeunexcentrico\/index.php?rest_route=%2Fwp%2Fv2%2Fcategories&post=324"},{"taxonomy":"post_tag","embeddable":true,"href":"https:\/\/www.opinioneslibres.es\/memoriasdeunexcentrico\/index.php?rest_route=%2Fwp%2Fv2%2Ftags&post=324"}],"curies":[{"name":"wp","href":"https:\/\/api.w.org\/{rel}","templated":true}]}}