{"id":386,"date":"2011-11-27T23:38:49","date_gmt":"2011-11-27T21:38:49","guid":{"rendered":"https:\/\/www.opinoineslibres.es\/memoriasdeunexcentrico\/?p=386"},"modified":"2011-11-27T23:38:49","modified_gmt":"2011-11-27T21:38:49","slug":"los-dientes-del-tigre-portugues-y-el-hombre-que-enamoro-a-lady-edwina-6","status":"publish","type":"post","link":"https:\/\/www.opinioneslibres.es\/memoriasdeunexcentrico\/?p=386","title":{"rendered":"\u00abLos Dientes del Tigre Portugu\u00e9s y el Hombre que Enamor\u00f3 a Lady Edwina\u00bb (6)"},"content":{"rendered":"<blockquote>\n<p class=\"MsoNormal\"><em><span style=\"font-size: 9pt; font-family: &quot;Times New Roman&quot;;\">Somos cantores de la tierra lusitana,<\/span><\/em><\/p>\n<p class=\"MsoNormal\"><em><span style=\"font-size: 9pt; font-family: &quot;Times New Roman&quot;;\">traemos canciones de los aires y del mar,<\/span><\/em><\/p>\n<p class=\"MsoNormal\"><em><span style=\"font-size: 9pt; font-family: &quot;Times New Roman&quot;;\">vamos llenando los balcones y ventanas<\/span><\/em><\/p>\n<p class=\"MsoNormal\"><em><span style=\"font-size: 9pt; font-family: &quot;Times New Roman&quot;;\">de melod\u00edas del antiguo Portugal. <\/span><\/em><\/p>\n<p class=\"MsoNormal\"><em><span style=\"font-size: 9pt; font-family: &quot;Times New Roman&quot;;\"> <\/span><\/em><\/p>\n<p class=\"MsoNormal\"><em><span style=\"font-size: 9pt; font-family: &quot;Times New Roman&quot;;\">Oporto riega en vino rojo sus laderas,<\/span><\/em><\/p>\n<p class=\"MsoNormal\"><em><span style=\"font-size: 9pt; font-family: &quot;Times New Roman&quot;;\"> de flores rojas va cubierto el litoral,<\/span><\/em><\/p>\n<p class=\"MsoNormal\"><em><span style=\"font-size: 9pt; font-family: &quot;Times New Roman&quot;;\"> verde es el Tajo, verdes son sus dos riberas,<\/span><\/em><\/p>\n<p class=\"MsoNormal\"><em><span style=\"font-size: 9pt; font-family: &quot;Times New Roman&quot;;\"> los dos colores de la ense\u00f1a nacional. <\/span><\/em><\/p>\n<p class=\"MsoNormal\"><em><span style=\"font-size: 9pt; font-family: &quot;Times New Roman&quot;;\"> <\/span><\/em><\/p>\n<p class=\"MsoNormal\"><em><span style=\"font-size: 9pt; font-family: &quot;Times New Roman&quot;;\">\u00bfPor qu\u00e9 tu tierra toda es un encanto?<\/span><\/em><\/p>\n<p class=\"MsoNormal\"><em><span style=\"font-size: 9pt; font-family: &quot;Times New Roman&quot;;\">\u00bfPor qu\u00e9, por qu\u00e9, se maravilla qui\u00e9n te ve?<\/span><\/em><\/p>\n<p class=\"MsoNormal\"><em><span style=\"font-size: 9pt; font-family: &quot;Times New Roman&quot;;\">\u00a1Ay Portugal! \u00bfPor qu\u00e9 te quiero tanto?<\/span><\/em><\/p>\n<p class=\"MsoNormal\"><em><span style=\"font-size: 9pt; font-family: &quot;Times New Roman&quot;;\">\u00bfPor qu\u00e9, por qu\u00e9 te envidian todos? \u00a1Ay! \u00bfpor qu\u00e9?<\/span><\/em><\/p>\n<p class=\"MsoNormal\"><em><span style=\"font-size: 9pt; font-family: &quot;Times New Roman&quot;;\"> <\/span><\/em><\/p>\n<p class=\"MsoNormal\"><span style=\"font-size: 9pt; font-family: &quot;Times New Roman&quot;;\">(\u00ab<em>Estudiantina Portuguesa<\/em>\u00ab, fado-marchi\u00f1a de la \u00ab<em>La Hechicera en Palacio<\/em>\u00ab,<\/span><\/p>\n<p class=\"MsoNormal\"><span style=\"font-size: 9pt; font-family: &quot;Times New Roman&quot;;\">musica de Jos\u00e9 Padilla y letra de Arturo Rigel y Francisco Ramos de Castro.<\/span><\/p>\n<p class=\"MsoNormal\"><span style=\"font-size: 9pt; font-family: &quot;Times New Roman&quot;;\">Revista estrenada en el Teatro Alc\u00e1zar de Madrid, 1950)<\/span><\/p>\n<\/blockquote>\n<p class=\"MsoNormal\"><span style=\"font-size: 9pt; font-family: &quot;Times New Roman&quot;;\"> <\/span><\/p>\n<p class=\"MsoNormal\" style=\"text-align: justify;\">\n<p class=\"MsoNormal\" style=\"text-align: justify;\"><span style=\"font-family: &quot;Times New Roman&quot;;\">La potente <em>Emissora de Goa<\/em> era la radio que todos escuchaban en el Estado Portugu\u00e9s de la India. Sus fados y marchi\u00f1as alcanzaban Persia, Arabia y el Africa Oriental. El 18 de Diciembre de 1961 la radiodifusora desapareci\u00f3 de las ondas. Tambi\u00e9n se interrumpieron las comunicaciones de la ca\u00f1onera <em>Afonso de Albuquerque<\/em> con Lisboa. La voz de Portugal en el Oriente call\u00f3, repentinamente, para siempre. Mas todav\u00eda hay quien jura haber captado programas, emitidos hace m\u00e1s de medio siglo, donde un eco fantasmal entonaba el \u00ab<em>Cadiza za?za?za<\/em>\u00bb en la banda de 13m y frecuencia de 21.580 kilociclos\/seg. Dicen que son las \u00e1nimas de quienes cayeron en el bombardeo de la emisora en Dabolim, o a bordo de la vieja ca\u00f1onera, penando en esa antigua frecuencia por los males incurables de la patria.<!--more--><\/span><\/p>\n<p class=\"MsoNormal\" style=\"text-align: justify;\"><span style=\"font-family: &quot;Times New Roman&quot;;\"> <\/span><\/p>\n<p class=\"MsoNormal\" style=\"text-align: justify;\"><span style=\"font-family: &quot;Times New Roman&quot;;\">Desde la madrugada del lunes 18 de Diciembre la prensa portuguesa dej\u00f3 de tener fuentes fidedignas sobre lo que estaba sucediendo en sus Indias Orientales. Todas las informaciones pasaron a estar controladas por la Uni\u00f3n India. Es entonces cuando los peri\u00f3dicos lusos se avienen a transmitir el mensaje de \u00ab<em>resistencia hasta la muerte<\/em>\u00bb que el Gobierno quiere difundir.<\/span><\/p>\n<p class=\"MsoNormal\" style=\"text-align: justify;\"><span style=\"font-family: &quot;Times New Roman&quot;;\"> <\/span><\/p>\n<p class=\"MsoNormal\" style=\"text-align: justify;\"><span style=\"font-family: &quot;Times New Roman&quot;;\">El 19 de Diciembre el \u00abDi\u00e1rio de Not\u00edcias\u00bb fabula una heroica resistencia en Pangim, \u00ab<em>que se habr\u00eda prolongado durante ocho horas, mientras incesantes bombardeos arrasaban las instalaciones del puerto de Mormug\u00e3o<\/em>\u00ab. \u00abO S\u00e9culo\u00bb, por su parte, imagina violentos enfrentamientos en Pond\u00e1 que causan gran n\u00famero de baja en ambos bandos, y permiten hacer prisioneros indios. Sin embargo Gordon Martin, corresponsal de la Agencia Reuters, deja claro que \u00ab<em>a primeras horas de hoy, d\u00eda 19, tropas del ej\u00e9rcito hind\u00fa han atravesado el r\u00edo Mandovi y entrado en Pangim, la capital de Goa<\/em>\u00ab. El Embajador de Portugal en Washington, Dr. Pedro Teot\u00f3nio Pereira, que deb\u00eda tener otras fuentes de informaci\u00f3n, env\u00eda un desmentido a la prensa negando que \u00ab<em>el Gobierno y las fuerzas militares de Goa hayan dejado de oponer resistencia<\/em>\u00ab. El peri\u00f3dico \u00abO S\u00e9culo\u00bb, el eterno rival del \u00abD\u00edario de Not\u00edcias\u00bb, se lleva la palma en desfigurar la realidad. El 19 de Diciembre publica en primera plana la noticia del \u00ab<em>hundimiento glorioso del<span> <\/span>?aviso-ca\u00f1onera NRP Afonso de Albuquerque con toda su tripulaci\u00f3n<\/em>\u00bb cuando, en realidad, el barco ha conseguido encallar tras el combate y los sobrevivientes han sido capturados. Aunque ya se sab\u00eda que el Gobernador-General Vassalo e Silva hab\u00eda firmado a las 14:00h la rendici\u00f3n de las tropas portuguesas ante el General en Jefe de las fuerzas hind\u00faes, K.P. Candeth, el matutino lisboeta asegura que una comunicaci\u00f3n por radio captada a las 15:00h confirmaba que \u00ab<em>se continuaba luchando encarnizadamente para defender Pangim<\/em>\u00ab. El 20 de Diciembre el peri\u00f3dico se hace eco del comunicado de la Embajada de Portugal en Par\u00eds que anuncia \u00ab<em>centenares de muertos entre la poblaci\u00f3n civil y los militares<\/em>\u00ab. El 21 de Diciembre \u00abO S\u00e9culo\u00bb renuncia a cualquier objetividad al informar de que \u00ab<em>en el puerto de Mormug\u00e3o, tras haber hundido sus barcazas de desembarco, los portugueses han rechazado en combate cuerpo a cuerpo a los marinos hind\u00faes que intentaban desembarcar<\/em>\u00ab. Todav\u00eda una semana despu\u00e9s del inicio de la \u00ab<em>Operaci\u00f3n Vijay<\/em>\u00bb sus periodistas pensaban que grupos de guerrilleros continuaban luchando contra los invasores. El 30 de Diciembre el diario divulga una nota del Gabinete del Ministerio del Ej\u00e9rcito publicando a toda plana el sensacionalista titular: \u00ab<em>\u00bf1.018 bajas militares?<\/em>\u00bb (cfr. \u00abOs Jornais e a Invas\u00e5o de Goa\u00bb, &lt;DN-&gt;, 2009 Dez. 16, Valentino Viega, recogido en historia@blogspot.com).<\/span><\/p>\n<p class=\"MsoNormal\" style=\"text-align: justify;\"><span style=\"font-family: &quot;Times New Roman&quot;;\"> <\/span><\/p>\n<p class=\"MsoNormal\" style=\"text-align: justify;\"><span style=\"font-family: &quot;Times New Roman&quot;;\">No es de extra\u00f1ar que, en Espa\u00f1a, las noticias sobre el derrumbe del <em>Estado Portugu\u00eas da \u00cdndia<\/em> fueran confusas. No exist\u00eda libertad informativa y todas las emisoras deb\u00edan transmitir a determinadas horas un marcial y escueto \u00ab<em>Diario Hablado de Radio Nacional de Espa\u00f1a<\/em>\u00ab.<span> <\/span>Yo esperaba esos momentos con ansiedad, aferrado a un peque\u00f1o transistor <em>Zenith<\/em>. Nada m\u00e1s confirmarse la capitulaci\u00f3n del Gobernador-General de la India Portuguesa el hijo de un catedr\u00e1tico de la Universidad Complutense telefone\u00f3 a un amigo com\u00fan invit\u00e1ndolo a participar en una manifestaci\u00f3n contra la agresi\u00f3n perpetrada por el Primer Ministro Nehru. Este, a su vez, me invit\u00f3 a m\u00ed. Acept\u00e9 de inmediato, a sabiendas de que era ilegal manifestarse, y quedamos citados a las nueve de la ma\u00f1ana del d\u00eda siguiente, v\u00edspera de Navidad, frente a la iglesia madrile\u00f1a de San Francisco el Grande, en los aleda\u00f1os de la Embajada de la Uni\u00f3n India. No deja de tener cierta gracia el que, al paso de los a\u00f1os, ambos amigos convocantes, llegaran a ser m\u00e9dicos ilustres en Cantabria.<\/span><\/p>\n<p class=\"MsoNormal\" style=\"text-align: justify;\"><span style=\"font-family: &quot;Times New Roman&quot;;\"> <\/span><\/p>\n<p class=\"MsoNormal\" style=\"text-align: justify;\"><span style=\"font-family: &quot;Times New Roman&quot;;\">Acudimos a la cita una treintena de estudiantes universitarios, varones todos. Luc\u00eda el sol y la temperatura era primaveral para unas navidades madrile\u00f1as. Cuando estuvimos todos, el cabecilla de la manifestaci\u00f3n, un muchacho alto y enjuto con aire de gentilhombre, enarbol\u00f3 la bandera portuguesa que ocultaba bajo un abrigo azul <em>Loden Steinbock<\/em>, claramente superior a las imitaciones baratas de la prenda austr\u00edaca que hac\u00edan furor aquel a\u00f1o, y ech\u00f3 a andar en direcci\u00f3n a la embajada ense\u00f1a en alto. Le seguimos sin prisa, deshilvanados, por calles desiertas. Un grupillo de cuatro o cinco despleg\u00f3 un par de pancartas de regular tama\u00f1o. No era d\u00eda de madrugar y en la mayor\u00eda de las casas las persianas permanec\u00edan bajadas. La embajada ocupaba un primer piso, poco alto, en un chafl\u00e1n con balconcillo del exquisito barrio que delimitan la Plaza de Cibeles, la Puerta de Alcal\u00e1, la vieja Escuela de Ingenieros de Caminos del Retiro y el antiguo Ministerio de Fomento. Una negra berlina SEAT 1400, sin ning\u00fan distintivo especial, surgi\u00f3 de una bocacalle y se detuvo ante nuestro grupo. El conductor del veh\u00edculo desmont\u00f3 y sin identificarse pregunt\u00f3 con voz aburrida: \u00ab<em>\u00bfS\u00f3is los de la manifestaci\u00f3n?<\/em>\u00ab. El muchacho alto y elegante de la bandera, avanz\u00f3 hasta \u00e9l y le entreg\u00f3 su carnet de identidad. El polic\u00eda tom\u00f3 el documento y a medida que le\u00eda iba moviendo la cabeza con gesto de aprobaci\u00f3n. Se lo devolvi\u00f3 respetuosamente y dijo con paternalismo: \u00ab<em>Todav\u00eda tengo que ir a comprar unas naranjas para esta noche, porque si no mi mujer me mata. Ten\u00e9is casi una hora. Si despu\u00e9s de ese tiempo encuentro a alguno de vosotros por aqu\u00ed no me va a quedar m\u00e1s remedio que arrestarlo \u00bfEst\u00e1 claro?<\/em>\u00ab. Asentimos un\u00e1nimente y el presunto comisario volvi\u00f3 a subir al autom\u00f3vil y arranc\u00f3 en direcci\u00f3n a la cuesta de Moyano.<\/span><\/p>\n<p class=\"MsoNormal\" style=\"text-align: justify;\"><span style=\"font-family: &quot;Times New Roman&quot;;\"> <\/span><\/p>\n<p class=\"MsoNormal\" style=\"text-align: justify;\"><span style=\"font-family: &quot;Times New Roman&quot;;\">La representaci\u00f3n diplom\u00e1tica de la India se hallaba cerrada. No s\u00f3lo por ser domingo y d\u00eda de Nochebuena. En realidad \u00fanicamente abr\u00eda al p\u00fablico ciertos d\u00edas. Aunque Espa\u00f1a se apresur\u00f3 a nombrar embajador en Nueva Delhi en 1956 la India se tom\u00f3 las cosas con calma. En 1958 a\u00f1adieron a las funciones de su Alto Comisario en Londres las de Embajador ante Espa\u00f1a, dejando la legaci\u00f3n en manos de un oscuro Encargado de Negocios. Las relaciones mutuas eran fr\u00edas por ser la India hostil al franquismo, opuesta a los <em>confettis<\/em> coloniales espa\u00f1oles y nada amiga del Pacto Ib\u00e9rico. Adem\u00e1s de otras razones, la aproximaci\u00f3n pol\u00edtica al Pakist\u00e1n, pa\u00eds del cual importaba Espa\u00f1a importantes partidas de yute tampoco favorec\u00eda una gran cordialidad bilateral.<\/span><\/p>\n<p class=\"MsoNormal\" style=\"text-align: justify;\"><span style=\"font-family: &quot;Times New Roman&quot;;\"> <\/span><\/p>\n<p class=\"MsoNormal\" style=\"text-align: justify;\"><span style=\"font-family: &quot;Times New Roman&quot;;\">Cuando llegamos a la sede de la Embajada montamos una trapatiesta que despert\u00f3 al vecindario. Algunas mujeres salieron en camis\u00f3n a los balcones y contemplaban at\u00f3nitas las pancartas, la bandera y las alharacas del grupo. Mientras un par de manifestantes intentaba desprender la placa colocada a la entrada del inmueble, otros tres o cuatro treparon por la fachada hasta el balc\u00f3n. Desde la calle vimos a dos mocetones arrancar el pesado escudo de bronce con los leones de Samath, emblema de la Uni\u00f3n India, y arrojarlo por encima de la balaustrada. Un individuo que hab\u00eda penetrado en el interior de la Embajada arrojaba, enloquecido, tinteros y objetos de escritorio a las paredes. Otro de los manifestantes se colg\u00f3 del m\u00e1stil que sobrevolaba el balc\u00f3n -no ten\u00eda bandera- hasta quebrarlo, aterrizando, nada airoso pero indemne, sobre un mont\u00f3n de abrigos apresuradamente colocados en la acera para amortiguar su ca\u00edda. Cuando aparecieron los primeros veh\u00edculos de la Policia Armada -los temidos \u00abgrises\u00bb- lo hicieron con el cambio de velocidades en la primera marcha. Corr\u00ed tras el amigo que me invit\u00f3 a la manifestaci\u00f3n seguidos, con bastante desgana, por varios \u00abgrises\u00bb. Desembocamos en el Paseo de Alfonso XII donde se nos aproxim\u00f3 un Renault \u00abDauphine\u00bb que abri\u00f3 las puertas traseras para que entr\u00e1semos al autom\u00f3vil. Cuando lo hicimos el pasaje sum\u00f3 siete personas. Un record para un coche que dif\u00edcilmente pod\u00eda llevar cinco. Al volante, satisfecho, el joven elegante del Loden azul nos salud\u00f3 con un brit\u00e1nico: \u00ab<em>\u00bfD\u00f3nde os dejo?<\/em>\u00ab.<\/span><\/p>\n<p class=\"MsoNormal\" style=\"text-align: justify;\"><span style=\"font-family: &quot;Times New Roman&quot;;\"> <\/span><\/p>\n<p class=\"MsoNormal\" style=\"text-align: justify;\"><span style=\"font-family: &quot;Times New Roman&quot;;\">A miles de kil\u00f3metros de all\u00ed comenzaba el viacrucis de los 3.306 prisioneros de guerra portugueses. Oliveira Salazar, encolerizado al ver que sus \u00f3rdenes para hacer de Goa otra Numancia hab\u00edan sido desobedecidas, estigmatiz\u00f3 como traidores a los supervivientes, desentendi\u00e9ndose totalmente de ellos. La exasperaci\u00f3n de la India lleg\u00f3 al punto de ofrecer liberar a cuantos prisioneros pudieran pagarse el viaje de regreso a Portugal. La repatriaci\u00f3n oficial de quienes no eran \u00ab<em>ni muertos ni h\u00e9roes<\/em>\u00ab, comenz\u00f3 por fin el 2 de Mayo de 1962. Los defensores de la India Portuguesa fueron recibidos a punta de pistola en Lisboa como desleales al \u00abEstado Novo\u00bb. Numerosos oficiales ser\u00edan expulsados del Ej\u00e9rcito por una irregular Comisi\u00f3n de Investigaci\u00f3n Militar. En cuanto al ex-Gobernador-General Vassalo e Silva, fu\u00e9 apartado del Ej\u00e9rcito sin juicio y obligado a partir al exilio.<\/span><\/p>\n<p class=\"MsoNormal\" style=\"text-align: justify;\"><span style=\"font-family: &quot;Times New Roman&quot;;\"> <\/span><\/p>\n<p class=\"MsoNormal\" style=\"text-align: justify;\"><span style=\"font-family: &quot;Times New Roman&quot;;\">El 25 de Diciembre de 1961, escasamente un d\u00eda despu\u00e9s de haber sido asaltada la embajada de la India en Madrid, la prensa y radio portuguesas ya estaban haci\u00e9ndose eco de lo sucedido. <span> <\/span>Los peri\u00f3dicos rivales \u00abDi\u00e1rio de Not\u00edcias\u00bb y \u00abO S\u00e9culo\u00bb, los m\u00e1s le\u00eddos del pa\u00eds vecino, transmit\u00edan la noticia a sus lectores con alguna diferencia de matiz:<\/span><\/p>\n<p class=\"MsoNormal\" style=\"text-align: justify;\"><span style=\"font-family: &quot;Times New Roman&quot;;\"> <\/span><\/p>\n<p class=\"MsoNormal\" style=\"text-align: justify;\"><span style=\"font-family: &quot;Times New Roman&quot;;\">El lisboeta \u00abDi\u00e1rio de Not\u00edcias\u00bb destacaba la noticia en primera plana, a dos columnas, con llamativos titulares en rojo y negro: <strong><em>\u00abPisada y quemada en Madrid la bandera de la Uni\u00f3n India tras ser arrancada del edificio de la Embajada en el curso de una manifestaci\u00f3n de estudiantes espa\u00f1oles que gritaban \u00a1Viva Goa portuguesa!\u00bb<\/em><\/strong>. <em><span style=\"text-decoration: underline;\">Madrid, 24<\/span>. (del corresponsal del &lt;Di\u00e1rio de Noticias&gt;). Un numeroso grupo de estudiantes universitarios de distintas filiaciones pol\u00edticas se reunieron hoy frente a la Embajada de la Uni\u00f3n India en esta ciudad, en una vibrante manifestaci\u00f3n de protesta por la agresi\u00f3n hind\u00fa a Goa, Dam\u00e1n y Di\u00fa. Los estudiantes, que llevaban una bandera de Portugal, gritaban: \u00ab\u00a1Abajo Nehru!\u00bb y \u00ab\u00a1Viva Goa portuguesa!\u00bb. En un momento dado los manifestantes avanzaron hacia la fachada del edificio y algunos de ellos lograron izarse, desde el exterior, hasta el piso en el cual se encontraban los emblemas de la Embajada, arrancando el letrero y partiendo el m\u00e1stil donde ondeaba la bandera de la Uni\u00f3n India. Despu\u00e9s, arroj\u00e1ndola al suelo, la pisotearon y la quemaron. Adem\u00e1s, los estudiantes arrancaron otra placa de bronce antes de que un furg\u00f3n policial, llamado por los funcionarios hind\u00faes, apareciese ante el local. Las fuerzas del orden dispersaron pac\u00edficamente, sin que se registraran incidentes, a la manifestaci\u00f3n, que dur\u00f3 cerca de media hora y en la cual participaron, entre otros, los hijos del Rector Magn\u00edfico de la Universidad, Royo Villanova, el hijo de Serrano S\u00fa\u00f1er y muchos otros estudiantes pertenecientes a las m\u00e1s destacadas familias madrile\u00f1as<\/em>.<em> (E.)<\/em><\/span><\/p>\n<p class=\"MsoNormal\" style=\"text-align: justify;\"><span style=\"font-family: &quot;Times New Roman&quot;;\"> <\/span><\/p>\n<p class=\"MsoNormal\" style=\"text-align: justify;\"><span style=\"font-family: &quot;Times New Roman&quot;;\">En cambio, el desaparecido diario \u00abO S\u00e9culo\u00bb, recog\u00eda la noticia con menos sensacionalismo del habitual en su redacci\u00f3n, e incluso citaba a una fuente hind\u00fa: <strong><em>\u00abCon gritos de \u00a1Viva Portugal! y \u00a1Muera Nehru! estudiantes espa\u00f1oles atacan la Embajada de la Uni\u00f3n India en Madrid\u00bb<\/em><\/strong>. <em><span style=\"text-decoration: underline;\">Madrid, 24<\/span>. Cerca de medio centenar de estudiantes espa\u00f1oles, enarbolando una ense\u00f1a portuguesa, atacaron la Embajada de la Uni\u00f3n India en Madrid rompiendo el m\u00e1stil de la bandera, que arrancaron, mancill\u00e1ndola e incendi\u00e1ndola al grito de &lt;\u00a1Viva Portugal!&gt; y &lt;\u00a1Muera Nehru!&gt;. Algunos de ellos consiguieron trepar hasta el lugar de la fachada del edificio donde estaban colocados los emblemas hind\u00faes, arrancando el letrero de bronze. Los manifestantes fueron dispersados enseguida sin mayores incidentes. M.K. Khisha, Encargado de Negocios interino de la Uni\u00f3n India manifest\u00f3 a la Agencia Reuters que \u00abalrededor de veinticinco estudiantes se reunieron ante la Embajada y arrancaron el m\u00e1stil de la bandera. Sin embargo, seg\u00fan las declaraciones de Khisha, la bandera no habia sido izada porque la Embajada estaba cerrada y, salvo un mensajero, no hab\u00eda nadie dentro\u00bb. (ANI-F. P.-R.).<\/em><\/span><\/p>\n<p class=\"MsoNormal\" style=\"text-align: justify;\"><span style=\"font-family: &quot;Times New Roman&quot;;\"> <\/span><\/p>\n<p style=\"text-align: justify;\"><span style=\"font-family: &quot;Times New Roman&quot;;\">Puesto que no hubo periodistas en el ataque a la Embajada de la Uni\u00f3n India, algui\u00e9n debi\u00f3 informar a la prensa portuguesa de cuanto sucedi\u00f3 en Madrid en ese mismo d\u00eda. El \u00abDi\u00e1rio de Not\u00edcias\u00bb, con un regusto a \u00abecos de sociedad\u00bb, precisa que entre los asistentes a aquella olvidada \u00abmanifa\u00bb se hallaba un selecto grupo de \u00ab<em>las m\u00e1s destacadas familias madrile\u00f1as<\/em>\u00bb entre los cuales cita a \u00ab<em>los hijos<\/em>\u00bb de dos personalidades pol\u00edticas e intelectuales de la \u00e9poca: el Prof. Royo Villanova, Rector Magn\u00edfico de la Universidad de Madrid, y el ex-ministro de Asuntos Exteriores Serrano S\u00fa\u00f1er, cu\u00f1ado del General Franco. \u00danicamente recuerdo al primog\u00e9nito del rector, Alejandro Royo-Villanova y Pay\u00e1, a\u00f1os despu\u00e9s miembro destacado de UCD y senador por Valladolid. El habr\u00eda sido uno de los organizadores de la manifestaci\u00f3n. En cambio, no hago memoria de que hubiese estado con nosotros ninguno de los hijos de Ram\u00f3n Serrano S\u00fa\u00f1er.<\/span><\/p>\n<p class=\"MsoNormal\" style=\"text-align: justify;\"><span style=\"font-family: &quot;Times New Roman&quot;;\"> <\/span><\/p>\n<p class=\"MsoNormal\" style=\"text-align: justify;\"><span style=\"font-family: &quot;Times New Roman&quot;;\">La breve algarada ante la Embajada de la Uni\u00f3n India en Madrid el 24 de Diciembre de 1961 fu\u00e9 un \u00abincidente\u00bb m\u00ednimo si no \u2013como comentan algunos de los alborotadores con quienes a\u00fan mantengo contacto\u2013 una acci\u00f3n \u00abcutre\u00bb. A\u00fan as\u00ed, result\u00f3 pol\u00edticamente rentable, una vez \u00abmaquillada\u00bb de solidaridad de las \u00e9lites espa\u00f1olas con Portugal. No creo que \u00abDi\u00e1rio de Not\u00edcias\u00bb sacara a relucir el apellido Serrano S\u00fa\u00f1er gratuitamente. El ex-ministro y cu\u00f1ado de Franco adquiri\u00f3 cierta visibilidad pol\u00edtica en aquellos d\u00edas, demostrando sobrada capacidad para abandonar a voluntad el retiro pol\u00edtico que se le atribu\u00eda, dando su apoyo a Portugal en la coyuntura de Goa.<\/span><span style=\"font-family: &quot;Times New Roman&quot;;\"> Ten\u00eda tras de s\u00ed a un peque\u00f1o imperio medi\u00e1tico al haber fundado la Agencia Efe en 1939, y ser el \u00fanico propietario particular de una emisora de radio ?Radio Intercontinental-, poseyendo derechos sobre otra frecuencia radiof\u00f3nica. Manten\u00eda, adem\u00e1s, una gran sinton\u00eda intelectual con Oliveira Salazar, fruto de la admiraci\u00f3n que ambos se profesaban.<\/span><\/p>\n<p class=\"MsoNormal\" style=\"text-align: justify;\"><span style=\"font-family: &quot;Times New Roman&quot;;\"> <\/span><\/p>\n<p class=\"MsoNormal\" style=\"text-align: justify;\"><span style=\"font-family: &quot;Times New Roman&quot;;\">Al comienzo de la Segunda Guerra Mundial la figura de Ram\u00f3n Serrano S\u00fa\u00f1er era tan poco grata para los gobernantes portugueses como los mapas falangistas donde Portugal aparec\u00eda sin frontera separ\u00e1ndolo de Espa\u00f1a. <\/span><span style=\"font-family: &quot;Times New Roman&quot;;\">El historiador Paul Preston asegura que mientras Serrano S\u00fa\u00f1er fu\u00e9 ministro mantuvo en su agenda la anexi\u00f3n de Portugal. <\/span><span style=\"font-family: &quot;Times New Roman&quot;;\">Pero las cosas cambiar\u00edan a partir del encuentro hispano-portugu\u00e9s en Sevilla, el 12 de Febrero de 1942, donde Oliveira Salazar y Teot\u00f3nio Pereira \u2013embajador en Madrid y art\u00edfice del Pacto Ib\u00e9rico\u2013 se reunieron en \u00ab<em>petit comit\u00e9<\/em>\u00bb con el General Franco, Serrano S\u00fa\u00f1er y Nicol\u00e1s Franco. Seg\u00fan Teot\u00f3nio Pereira, Serra\u00f1o S\u00fa\u00f1er fu\u00e9 cautivado por \u00ab<em>la sinceridad, sencillez, transparencia, valent\u00eda moral y cortes\u00eda, honradez y firmes convicciones<\/em>\u00bb de Salazar (\u00ab<em>Pedro Teot\u00f3nio Pereira, Embaixador Portugu\u00eas em Espanha durante as Guerras<\/em>\u00ab, <em>Estudos em Homenagem a Lu\u00eds Ant\u00f3nio de Oliveira Ramos<\/em> pp. 429?440, Faculdade de Letras da Universidade do Porto, por Manuel Braga Cruz, 2004). Sea como fuere, Oliveira Salazar y Serrano S\u00fa\u00f1er sellaron en aquella cumbre una duradera <span> <\/span>y estrecha amistad. Se dir\u00eda que tambi\u00e9n Serrano S\u00fa\u00f1er se hab\u00eda rendido al lusitano \u00abHechizo del Imperio\u00bb.<\/span><\/p>\n<p class=\"MsoNormal\" style=\"text-align: justify;\"><span style=\"font-family: &quot;Times New Roman&quot;;\"> <\/span><\/p>\n<p class=\"MsoNormal\" style=\"text-align: justify;\"><span style=\"font-family: &quot;Times New Roman&quot;;\">Entre aquella treintena de estudiantes \u00abiberistas\u00bb no hubo ning\u00fan falangista. En 1961 comenzaban a ser un anacronismo. Est\u00e1bamos, sobre todo, los hijos de una emergente clase media de profesionales liberales que, deseando ver llegar la democracia a Espa\u00f1a, a\u00fan cre\u00eda posible igualar las colonias europeas con sus metr\u00f3polis, libr\u00e1ndolas de las f\u00e1bricas de miseria que eran la Uni\u00f3n Sovi\u00e9tica y el emergente \u00abbloque afroasi\u00e1tico\u00bb de naciones. El nuestro era otro anacronismo, pero con ribetes de utop\u00eda. Empero, las colonizaciones han demostrado ser intr\u00ednsecamente malas. Tanto as\u00ed que a veces hasta el comunismo ha resultado un mal menor. Pero yo no pedir\u00eda perd\u00f3n por nuestras ideas de entonces. Puede que cuarenta a\u00f1os m\u00e1s de colonizaci\u00f3n europea hubiesen podido salvar a muchas naciones de s\u00ed mismas.<\/span><\/p>\n<p class=\"MsoNormal\" style=\"text-align: justify;\"><span style=\"font-family: &quot;Times New Roman&quot;;\"> <\/span><\/p>\n<p class=\"MsoNormal\" style=\"text-align: center;\" align=\"center\"><span style=\"font-family: &quot;Times New Roman&quot;;\"> <\/span><\/p>\n<p class=\"MsoNormal\" style=\"text-align: center;\" align=\"center\"><span style=\"font-family: &quot;Times New Roman&quot;;\">FIN DE LA SEXTA ENTREGA<\/span><\/p>\n<p class=\"MsoNormal\" style=\"text-align: center;\" align=\"center\"><span style=\"font-family: &quot;Times New Roman&quot;;\"> <\/span><\/p>\n<p class=\"MsoNormal\" style=\"text-align: center;\" align=\"center\"><strong><span style=\"font-family: &quot;Times New Roman&quot;;\">(CONTINUAR\u00c1)<\/span><\/strong><\/p>\n<p class=\"MsoNormal\">\n<p class=\"MsoNormal\" style=\"text-align: center;\" align=\"center\">\n<p class=\"MsoNormal\"><span style=\"font-size: 9pt; font-family: Arial; color: blue;\">Los  textos aqu\u00ed inclu\u00eddos son de mi autor\u00eda aunque puedan inspirarse  gen\u00e9ricamente en narraciones anteriores de hechos reales, por lo general  bien conocidos y ampliamente comentados. Cuando las citas son literales  se ha inclu\u00eddo su origen. Los trabajos firmados por \u201cJaime  Garc\u00eda-Rodr\u00edguez\u201d o \u201cJaime Colson-Pueyo\u201d que aparecen como \u201centradas\u201d en  el apartado \u201cMemorias de un Exc\u00e9ntrico\u201d del blog \u201copinioneslibres.es\u201d  est\u00e1n protegidos por las leyes de derechos de autor en vigor y ha sido  registrados en r\u00e9gimen de <em>copyright.<\/em> He hecho todo lo posible  para localizar a los autores o propietarios de las fotos y grabados que  se incluyen, cit\u00e1ndose en todo momento su origen. Los autores que lo  deseen pueden ponerse en contacto conmigo para que las retire o a\u00f1ada  informaci\u00f3n, si ese es su deseo. Gracias a todos. Jaime Garc\u00eda-Rodr\u00edguez  y A.<\/span><\/p>\n","protected":false},"excerpt":{"rendered":"<p>Somos cantores de la tierra lusitana, traemos canciones de los aires y del mar, vamos llenando los balcones y ventanas de melod\u00edas del antiguo Portugal. Oporto riega en vino rojo sus laderas, de flores rojas va cubierto el litoral, verde es el Tajo, verdes son sus dos riberas, los dos colores de la ense\u00f1a nacional. [&hellip;]<\/p>\n","protected":false},"author":1,"featured_media":0,"comment_status":"open","ping_status":"open","sticky":false,"template":"","format":"standard","meta":{"footnotes":""},"categories":[3],"tags":[],"class_list":["post-386","post","type-post","status-publish","format-standard","hentry","category-general"],"_links":{"self":[{"href":"https:\/\/www.opinioneslibres.es\/memoriasdeunexcentrico\/index.php?rest_route=\/wp\/v2\/posts\/386","targetHints":{"allow":["GET"]}}],"collection":[{"href":"https:\/\/www.opinioneslibres.es\/memoriasdeunexcentrico\/index.php?rest_route=\/wp\/v2\/posts"}],"about":[{"href":"https:\/\/www.opinioneslibres.es\/memoriasdeunexcentrico\/index.php?rest_route=\/wp\/v2\/types\/post"}],"author":[{"embeddable":true,"href":"https:\/\/www.opinioneslibres.es\/memoriasdeunexcentrico\/index.php?rest_route=\/wp\/v2\/users\/1"}],"replies":[{"embeddable":true,"href":"https:\/\/www.opinioneslibres.es\/memoriasdeunexcentrico\/index.php?rest_route=%2Fwp%2Fv2%2Fcomments&post=386"}],"version-history":[{"count":0,"href":"https:\/\/www.opinioneslibres.es\/memoriasdeunexcentrico\/index.php?rest_route=\/wp\/v2\/posts\/386\/revisions"}],"wp:attachment":[{"href":"https:\/\/www.opinioneslibres.es\/memoriasdeunexcentrico\/index.php?rest_route=%2Fwp%2Fv2%2Fmedia&parent=386"}],"wp:term":[{"taxonomy":"category","embeddable":true,"href":"https:\/\/www.opinioneslibres.es\/memoriasdeunexcentrico\/index.php?rest_route=%2Fwp%2Fv2%2Fcategories&post=386"},{"taxonomy":"post_tag","embeddable":true,"href":"https:\/\/www.opinioneslibres.es\/memoriasdeunexcentrico\/index.php?rest_route=%2Fwp%2Fv2%2Ftags&post=386"}],"curies":[{"name":"wp","href":"https:\/\/api.w.org\/{rel}","templated":true}]}}