{"id":433,"date":"2012-07-10T06:29:33","date_gmt":"2012-07-10T06:29:33","guid":{"rendered":"https:\/\/www.opinoineslibres.es\/memoriasdeunexcentrico\/?p=433"},"modified":"2012-07-12T12:58:05","modified_gmt":"2012-07-12T12:58:05","slug":"los-dientes-del-tigre-portugues-o-el-hombre-que-enamoro-a-lady-edwina-7","status":"publish","type":"post","link":"https:\/\/www.opinioneslibres.es\/memoriasdeunexcentrico\/?p=433","title":{"rendered":"Los Dientes del Tigre Portugu\u00e9s o El Hombre que Enamor\u00f3 a Lady Edwina (7)"},"content":{"rendered":"<blockquote>\n<p style=\"text-align: left;\"><strong><\/strong><em>Otra noche m\u00e1s que no duermo,<\/em><\/p>\n<p style=\"text-align: left;\"><em>Otra noche m\u00e1s que se pierde,<\/em><\/p>\n<p style=\"text-align: left;\"><em>\u00bfQu\u00e9 habr\u00e1 tras esa puerta verde?,<\/em><\/p>\n<p style=\"text-align: left;\"><em>\u00bfQu\u00e9 habr\u00e1 tras esa puerta verde?<\/em><\/p>\n<p style=\"text-align: left;\"><em>\u00bfQu\u00e9 habr\u00e1?&#8230;<\/em><\/p>\n<p style=\"text-align: left;\">\u00a0(\u00abLa Puerta Verde\u00bb, Los Llopis,<\/p>\n<p style=\"text-align: left;\">grupo de rock cubano, 1958)<\/p>\n<\/blockquote>\n<p style=\"text-align: justify;\">No est\u00e1 de m\u00e1s rememorar la divisi\u00f3n administrativa del que fuera <em>Estado Portugu\u00eas<\/em> <em>da \u00cdndia<\/em>, al cual sol\u00eda aludirse con el prosaico acr\u00f3nimo \u00abE.P.I.\u00bb. Aquella ex\u00f3tica posesi\u00f3n, principio y fin del se\u00f1or\u00edo luso sobre Oriente, abarcaba tres distritos a\u00edslados, subdivididos, como el Portugal metropolitano, en concejos y parroqu\u00edas.<!--more--><\/p>\n<table width=\"441\" border=\"1\" cellspacing=\"0\" cellpadding=\"0\">\n<tbody>\n<tr>\n<td valign=\"top\" width=\"111\">\n<p style=\"text-align: center;\" align=\"center\"><strong>E.P.I.<\/strong><\/p>\n<\/td>\n<td style=\"text-align: center;\" valign=\"top\" width=\"111\">\n<p align=\"center\"><strong>DEPENDENCIAS <\/strong><\/p>\n<\/td>\n<td style=\"text-align: center;\" valign=\"top\" width=\"111\">\n<p align=\"center\"><strong>SUPERFICIE<\/strong><\/p>\n<\/td>\n<td valign=\"top\" width=\"111\">\n<p style=\"text-align: center;\" align=\"center\"><strong>CENSOS<\/strong><\/p>\n<\/td>\n<\/tr>\n<tr>\n<td style=\"text-align: left;\" valign=\"top\" width=\"111\"><strong>(1) <span style=\"text-decoration: underline;\">Distrito de Goa<\/span><\/strong><strong>\u00a0 \u00a0 \u00a0 \u00a0\u00a0<\/strong><strong><\/strong><strong>L<\/strong> 15\u00b0 48&#8217;00&#8243;N-14\u00b0 53&#8217;54&#8243;N<strong>\/l<\/strong> 74\u00b0 20&#8217;13&#8243;E-73\u00b0\u00a040&#8217;33&#8243;E<\/td>\n<td style=\"text-align: left;\" valign=\"top\" width=\"111\"><em><span style=\"text-decoration: underline;\">islas<\/span><\/em>: Goa; Angediva; S. Jorge; Morcegos<em><\/em><em><\/em><em><span style=\"text-decoration: underline;\">enclaves<\/span><\/em>: Tiracol<\/td>\n<td style=\"text-align: left;\" valign=\"top\" width=\"111\">\n<p align=\"center\">3.806 km<sup>2<\/sup><\/p>\n<\/td>\n<td style=\"text-align: left;\" valign=\"top\" width=\"111\">\n<p align=\"center\">589.120 habts. (1960)<\/p>\n<p align=\"center\">547.448 habts. (1950)<\/p>\n<\/td>\n<\/tr>\n<tr>\n<td valign=\"top\" width=\"111\"><strong>(2) <span style=\"text-decoration: underline;\">Distrito de Dam\u00e3o<\/span><\/strong><strong><\/strong><strong>\u00a0\u00a0\u00a0\u00a0\u00a0\u00a0<\/strong><strong><\/strong><strong>L <\/strong>20\u00b0 24&#8242; N\/\u00a0<strong>l<\/strong> 72\u00b0 50&#8242; E<\/td>\n<td valign=\"top\" width=\"111\"><em><span style=\"text-decoration: underline;\">enclaves<\/span><\/em>: Dadr\u00e1; Pragan\u00e1 Nagar Aveli<\/td>\n<td valign=\"top\" width=\"111\">\n<p align=\"center\">384 km<sup>2<\/sup><\/p>\n<\/td>\n<td valign=\"top\" width=\"111\">\n<p align=\"center\">22.242 habts. (1960)<\/p>\n<p align=\"center\">69.005 habts. (1950)<\/p>\n<\/td>\n<\/tr>\n<tr>\n<td valign=\"top\" width=\"111\"><strong>(3) <span style=\"text-decoration: underline;\">Distrito de Diu<\/span><\/strong><strong><\/strong><strong>L<\/strong> 20\u00b0 42&#8242; N <strong>\/<\/strong>\u00a0<strong><strong>l<\/strong> <\/strong> 70\u00b0 59&#8242; E<\/td>\n<td valign=\"top\" width=\"111\"><em><span style=\"text-decoration: underline;\">isla<\/span><\/em><span style=\"text-decoration: underline;\">s<\/span>: Diu; Sto. Ant\u00f3nio de Simbor<em><span style=\"text-decoration: underline;\">enclaves<\/span><\/em>: Gogol\u00e1; Simbor-Rio Van\u00e7oso<\/td>\n<td valign=\"top\" width=\"111\">\n<p align=\"center\">52,5 km<sup>2<\/sup><\/p>\n<\/td>\n<td valign=\"top\" width=\"111\">\n<p align=\"center\">14.269 habts. (1960)<\/p>\n<p align=\"center\">21.138 habts. (1950)<\/p>\n<\/td>\n<\/tr>\n<\/tbody>\n<\/table>\n<p style=\"text-align: left;\"><span style=\"color: #0000ff;\"><span style=\"color: #000000;\"><strong>(Cuadro I).-<\/strong> <strong><em>Datos sobre el \u00abEstado Portugu\u00eas<\/em> <em>da \u00cdndia\u00bb<\/em>.<\/strong><\/span> Entre 1930 y 1960 la poblaci\u00f3n de la colonia disminuy\u00f3 en 12.215 habitantes. La mayor parte de ese decrecimiento tuvo lugar durante el per\u00edodo que media entre 1950 y 1960 (-11.960 habitantes), coincidente con la primera p\u00e9rdida territorial del Imperio Portugu\u00e9s contempor\u00e1neo: la anexi\u00f3n en 1954 de Dadr\u00e1 y Nagar Aveli por los hind\u00faes. Fu\u00e9 tambi\u00e9n en dicho a\u00f1o cuando la Uni\u00f3n India llev\u00f3 a cabo un bloqueo total de los territorios hindo-portugueses que increment\u00f3 el flujo migratorio de los goeses hacia otras provincias del Imperio. A t\u00edtulo comparativo, Ceuta el antiguo enclave portugu\u00e9s donde Cam\u00f5es sirvi\u00f3 de 1547 a 1550 y que en 1641 optar\u00eda por la Corona de Espa\u00f1a frente a la Restauraci\u00f3n de Portugal- cuenta con 19\u00a0km\u00b2 de superficie y 82.376 habitantes, y su actual guarnici\u00f3n probablemente iguala (?) a la de la totalidad del E.P.I. en 1961. Repartir equitativamente la guarnici\u00f3n de 3.500 soldados portugueses entre los tres distritos del E.P.I. habr\u00eda resultado en poco m\u00e1s de 1.000 soldados por distrito o un soldado por cada 1,2 km<sup>2<\/sup> de territorio.<\/span><\/p>\n<p>&nbsp;<\/p>\n<p style=\"text-align: left;\"><a href=\"https:\/\/www.opinioneslibres.es\/memoriasdeunexcentrico\/wp-content\/uploads\/2012\/07\/fig01.jpg\"><img loading=\"lazy\" decoding=\"async\" class=\"aligncenter size-medium wp-image-434\" title=\"fig01\" src=\"https:\/\/www.opinioneslibres.es\/memoriasdeunexcentrico\/wp-content\/uploads\/2012\/07\/fig01-300x275.jpg\" alt=\"\" width=\"300\" height=\"275\" srcset=\"https:\/\/www.opinioneslibres.es\/memoriasdeunexcentrico\/wp-content\/uploads\/2012\/07\/fig01-300x275.jpg 300w, https:\/\/www.opinioneslibres.es\/memoriasdeunexcentrico\/wp-content\/uploads\/2012\/07\/fig01.jpg 337w\" sizes=\"auto, (max-width: 300px) 100vw, 300px\" \/><\/a><\/p>\n<p style=\"text-align: justify;\"><span style=\"color: #0000ff;\"><strong><span style=\"color: #000000;\">(Fig. 1).-<\/span> <span style=\"color: #000000;\"><em>El Arco dos Vice-reis hacia 1609<\/em>.<\/span><\/strong> Visi\u00f3n rom\u00e1ntica donde el reclamo tur\u00edstico sublima la nostalgia. No faltan detalles como un saudadoso tilde de nasalidad o una peque\u00f1a cruz na\u00fatica apuntando al Oriente. Pero destaca, sobre todo, la representaci\u00f3n\u00a0 de lo que pudo ser el \u00ab<em>Arco dos Vice-reis<\/em>\u00bb hacia 1609. En su fachada, al contrario de lo que sugiere el dibujo, predominar\u00edan los tonos oscuros del granito verde y no los rojos later\u00edticos, propios del recubrimiento posterior. All\u00ed, reci\u00e9n arribados del muelle contiguo, los virreyes eran sermoneados en lat\u00edn por el Senado de Goa y recib\u00edan las llaves de la ciudad. Por ese p\u00f3rtico acced\u00edan asimismo, con pompa y boato, al intramuros de Goa Antigua, en procesi\u00f3n por la llamada <em>Via Direita<\/em>. Es obra de estilo manuelino, edificada por el arquitecto Julio Sim\u00e3o en 1597 en tiempos de Felipe II de Espa\u00f1a y I de Portugal. Con ella quiso el Virrey Francisco de Gama honrar a su bisabuelo, el Almirante Vasco de Gama. Los enemigos de aquel destruyeron la efigie de \u00e9ste, que no ser\u00eda repuesta hasta 1609, siendo sustitu\u00edda en el \u00ednterin por una imagen de Santa Catalina de Alejandr\u00eda, en cuya festividad conquist\u00f3 Goa Alfonso de Albuquerque. En 1606, el Senado de Goa vot\u00f3 reponer la estatua del Almirante pero superponi\u00e9ndole otro nicho para no desairar a la santa patrona. Ambos nichos se desmoronaron en 1948, elimin\u00e1ndose el de la santa al reconstruirse el arco en 1954 (ilustraci\u00f3n procedente, i.a., de http:\/\/www.flickr.com, inclu\u00edda en las secciones \u00abphotos emoitas\u00bb de \u00abmoitas61\u00bb y \u00abXperience Goa group\u00bb).<\/span><\/p>\n<p style=\"text-align: justify;\">Para extirpar los tres trozos de saudade que compon\u00edan el Estado Portugu\u00e9s de la India el Doctor Nehru administr\u00f3 una terapia agresiva. Los d\u00edas que preceden a la \u00ab<em>Operaci\u00f3n Vijay<\/em>\u00bb \u2013el c\u00f3digo hind\u00fa para la invasi\u00f3n\u2013 son un gran ensayo general. Los nav\u00edos de guerra costean impunemente aguas lusas. Cual t\u00e1banos de vaca sagrada, enjambres de aviones venidos de Jamnagar, Poona y Sambre revolotean sobre los enclaves. Las <em>razzias<\/em> del ej\u00e9rcito indio en territorio portugu\u00e9s se multiplican. El terrorismo de la guerrilla izquierdista sube de tono: atacan puestos a\u00edslados, ponen bombas y quiebran la moral de las tropas nativas con atrocidades como dejar a los auxiliares goeses malheridos tras ametrallarles los test\u00edculos.<\/p>\n<p style=\"text-align: left;\"><a href=\"https:\/\/www.opinioneslibres.es\/memoriasdeunexcentrico\/wp-content\/uploads\/2012\/07\/fig022.jpg\"><img loading=\"lazy\" decoding=\"async\" class=\"aligncenter size-medium wp-image-441\" title=\"fig02\" src=\"https:\/\/www.opinioneslibres.es\/memoriasdeunexcentrico\/wp-content\/uploads\/2012\/07\/fig022-235x300.jpg\" alt=\"\" width=\"235\" height=\"300\" srcset=\"https:\/\/www.opinioneslibres.es\/memoriasdeunexcentrico\/wp-content\/uploads\/2012\/07\/fig022-235x300.jpg 235w, https:\/\/www.opinioneslibres.es\/memoriasdeunexcentrico\/wp-content\/uploads\/2012\/07\/fig022.jpg 435w\" sizes=\"auto, (max-width: 235px) 100vw, 235px\" \/><\/a><\/p>\n<p style=\"text-align: justify;\"><span style=\"color: #0000ff;\"><strong><span style=\"color: #000000;\">(Fig. 2).- <em>El Arco dos Vice-reis antes de 1948<\/em>.<\/span><\/strong> En esta foto con negativo en vidrio, que podr\u00eda remontarse a la Primera Guerra Mundial, dan vistosidad al monumento encalados y policrom\u00edas. El arco fu\u00e9 una de las cuatro puertas del palacio de Yusuf Adil Shah, el sult\u00e1n a qui\u00e9n Alfonso de Albuquerque arrebat\u00f3 Goa. Ante esta fachada hubo muelles, arsenal naval, cuarteles, aduanas, etc. y tras ella el fabuloso patrimonio de Goa Antigua que consumi\u00f3 la incuria. Desde el frontis d\u00f3rico de granito verde, bajo Santa Catalina de Alejandr\u00eda y sobre metopas alternantes de astrolabios y gamos, su animal her\u00e1ldico, Vasco de Gama oteaba las aguas del Mandovi hasta el Mar Ar\u00e1bigo. En 1948 la parte superior del arco se vino abajo (Arquivo Cient\u00edfico Tropical Digital Repository ACTD\/Arquivo Hist\u00f3rico Ultramarino, Lisboa, Port.).<\/span><\/p>\n<p style=\"text-align: left;\"><a href=\"https:\/\/www.opinioneslibres.es\/memoriasdeunexcentrico\/wp-content\/uploads\/2012\/07\/fig031.jpg\"><img loading=\"lazy\" decoding=\"async\" class=\"aligncenter size-medium wp-image-442\" title=\"fig03\" src=\"https:\/\/www.opinioneslibres.es\/memoriasdeunexcentrico\/wp-content\/uploads\/2012\/07\/fig031-300x209.jpg\" alt=\"\" width=\"300\" height=\"209\" srcset=\"https:\/\/www.opinioneslibres.es\/memoriasdeunexcentrico\/wp-content\/uploads\/2012\/07\/fig031-300x209.jpg 300w, https:\/\/www.opinioneslibres.es\/memoriasdeunexcentrico\/wp-content\/uploads\/2012\/07\/fig031.jpg 435w\" sizes=\"auto, (max-width: 300px) 100vw, 300px\" \/><\/a><\/p>\n<p style=\"text-align: justify;\"><span style=\"color: #0000ff;\"><strong><span style=\"color: #000000;\">(Fig. 3).- <em>Obras de Reconstrucci\u00f3n del Arco dos Vice-reis en 1954<\/em>.<\/span><\/strong> La restauraci\u00f3n del principal s\u00edmbolo de la dominaci\u00f3n portuguesa en el Oriente se proyect\u00f3 entre 1952 y 1954. Las obras comenzaron en 1954, a\u00f1o de gran tirantez en las relaciones con la Uni\u00f3n India. La independencia de este pa\u00eds en 1947 y la insistencia de Nerhu en que los territorios lusos eran \u00ab<em>una verruga que deb\u00eda extirparse<\/em>\u00bb condujeron a las autoridades del <em>Estado Novo<\/em> a intensificar la recuperaci\u00f3n y potenciaci\u00f3n del acervo monumental del <em>Estado da \u00cdndia<\/em> para as\u00ed contar con nuevos argumentos que justificasen la permanencia de Portugal en el Subcontinente. Para coadyuvar a tal fin Lisboa despach\u00f3 a Goa en 1951 una misi\u00f3n de la <em>Direc\u00e7ao Geral dos Edificios e Monumentos Nacionais<\/em> (D.G.E.M.N.) entre cuyos arquitectos destac\u00f3 Baltazar de Silva Castro, que permanecer\u00eda trabajando en la colonia durante el per\u00edodo 1950-57. A \u00e9l se atribuye la totalidad del proyecto de restauraci\u00f3n del <em>Arco dos Vice-reis. <\/em>La obsesi\u00f3n del Baltazar de Silva por suprimir los encalados, dejando el ladrillo visto, no goz\u00f3 de universal aprecio. Pero, como sucedi\u00f3 con el neo-herreriano franquista, estaba en la mentalidad de la \u00e9poca el intentar revivir una Edad de Oro \u00ab<em>majestuosamente sobria<\/em>\u00bb y el purismo del arquitecto busc\u00f3 recuperar para los monumentos de Goa \u00ab<em>su pureza original<\/em>\u00ab. Si la reconstrucci\u00f3n que del arco se hizo en 1954 lo empeque\u00f1eci\u00f3, desposey\u00e9ndolo de su anterior donaire y folclorismo, cabe decir en defensa del arquitecto que ni se dispuso de los recursos necesarios para devolver a <em>Velha Goa<\/em> su grandeza, ni los planes de reconstrucci\u00f3n fueron precisamente grandiosos. Se constata en esta foto el trabajo artesanal y la pobreza de medios puestos en juego para la reconstrucci\u00f3n del <em>Arco dos Vice-reis<\/em>. Baltazar de Silva prescindi\u00f3 del nicho dedicada a Santa Catalina por tratarse de un a\u00f1adido (Foto procedente del libro \u00ab<em>Capit\u00e3o Manuel Sid\u00f3nio Nunes &#8211; Um Testemunho de Vida<\/em>\u00ab, por Antonieta dos Santos Nunes &amp; Paulo Cruz, editor <em>A Companhia da Palavra<\/em> &lt;companhiadapalavra@gmail.com&gt; en Figueira da Foz en Diciembre de 2011).<\/span><\/p>\n<p style=\"text-align: justify;\"><a href=\"https:\/\/www.opinioneslibres.es\/memoriasdeunexcentrico\/wp-content\/uploads\/2012\/07\/fig041.jpg\"><img loading=\"lazy\" decoding=\"async\" class=\"aligncenter size-medium wp-image-443\" title=\"fig04\" src=\"https:\/\/www.opinioneslibres.es\/memoriasdeunexcentrico\/wp-content\/uploads\/2012\/07\/fig041-249x300.jpg\" alt=\"\" width=\"249\" height=\"300\" srcset=\"https:\/\/www.opinioneslibres.es\/memoriasdeunexcentrico\/wp-content\/uploads\/2012\/07\/fig041-249x300.jpg 249w, https:\/\/www.opinioneslibres.es\/memoriasdeunexcentrico\/wp-content\/uploads\/2012\/07\/fig041.jpg 400w\" sizes=\"auto, (max-width: 249px) 100vw, 249px\" \/><\/a><\/p>\n<p style=\"text-align: justify;\"><span style=\"color: #0000ff;\"><strong><span style=\"color: #000000;\">\u00a0(Fig. 4).-<\/span> <em>El Arco dos Vice-reis entre 1957 y 1959<\/em>.<\/strong> Posan en traje de faena ante el frontis del reconstru\u00eddo arco triunfal tres soldados del Batall\u00f3n de \u00ab<em>Ca\u00e7adores das Beiras<\/em>\u00ab, cuya misi\u00f3n principal consist\u00eda en la vigilancia de los monumentos de Pangim y Velha Goa. Eran, sin saberlo, parte de un desesperado envite pol\u00edtico que pon\u00eda en juego el patrimonio cultural hindo-portugu\u00e9s. El arco fu\u00e9 solemnemente declarado \u00abmonumento hist\u00f3rico\u00bb en 1932. Testigo y protagonista, durante casi cinco siglos, del d\u00eda a d\u00eda del <em>Estado Portugu\u00eas da \u00cdndia<\/em>, el \u00ab<em>Arco dos Vice-reis<\/em>\u00bb antecede al \u00ab<em>India Gate<\/em>\u00bb de Nueva Delhi en 334 a\u00f1os y es la \u00abPuerta de la India\u00bb por antonomasia Resultaba inevitable para los reclutas fotografiarse ante este m\u00edtico P\u00f3rtico de la Gloria de Portugal en Asia. (Foto del Portal \u00ab<em>Dos Veteranos da Guerra de Ultramar<\/em>\u00bb en <em>http:\/\/ultramar.terraweb.biz<\/em>).<\/span><\/p>\n<p style=\"text-align: left;\"><a href=\"https:\/\/www.opinioneslibres.es\/memoriasdeunexcentrico\/wp-content\/uploads\/2012\/07\/fig051.jpg\"><img loading=\"lazy\" decoding=\"async\" class=\"aligncenter size-medium wp-image-444\" title=\"fig05\" src=\"https:\/\/www.opinioneslibres.es\/memoriasdeunexcentrico\/wp-content\/uploads\/2012\/07\/fig051-300x248.jpg\" alt=\"\" width=\"300\" height=\"248\" srcset=\"https:\/\/www.opinioneslibres.es\/memoriasdeunexcentrico\/wp-content\/uploads\/2012\/07\/fig051-300x248.jpg 300w, https:\/\/www.opinioneslibres.es\/memoriasdeunexcentrico\/wp-content\/uploads\/2012\/07\/fig051.jpg 388w\" sizes=\"auto, (max-width: 300px) 100vw, 300px\" \/><\/a><\/p>\n<p style=\"text-align: justify;\"><span style=\"color: #0000ff;\"><strong><span style=\"color: #000000;\">(Fig. 5).- <em>El Arco dos Vice-reis en la actualidad<\/em>.<\/span><\/strong> Con la Goa Antigua declarada \u00abPatrimonio de la Humanidad\u00bb y el pasado portugu\u00e9s convertido en un bien de consumo tur\u00edstico, se han visto favorecidas las pol\u00edticas locales de recuperaci\u00f3n y conservaci\u00f3n de monumentos. Empero, el entorno del arco que muestra la foto es mejorable. Este arco de apariencia modesta mantiene la inoportunidad de cuanto simboliza. En el remate de su cara posterior se repuso el gran relieve de bronce donde una dama coronada se yergue con su b\u00e1culo sobre un anciano yacente. Donde el nacionalismo hind\u00fa v\u00e9 el humillante sometimiento de un nativo \u00abpagano\u00bb al catolicismo inquisitorial europeo, algunos cristianos prefieren ver una sutil reconvenci\u00f3n acerca de la primac\u00eda de los valores espirituales sobre el \u00e1nimo de lucro que acompa\u00f1a a las conquistas. El interior del arco es un buen muestrario epigr\u00e1fico. En una de las placas all\u00ed expuestas, fechada en 1664, Juan IV se coloca bajo la advocaci\u00f3n de la Sant\u00edsima Concepci\u00f3n, congratul\u00e1ndose del fin del dominio espa\u00f1ol sobre Portugal. Es copia fiel de un deteriorado original sustitu\u00eddo en 1831 (existen en la metr\u00f3poli placas intactas, muy parecidas, del primer rey Bragan\u00e7a). Al lado, con la leyenda \u00ab<em>Leg\u00edtimo e verdadeiro rei Dom Juan IV, restaurador da liberdade portuguesa<\/em>\u00bb puede verse un bajorrelieve del monarca que, espada en mano, alza el pend\u00f3n concepcionista. La placa m\u00e1s antigua, la que presid\u00eda la fachada del monumento, nos recuerda que \u00ab<em>Rein\u00e3do El-Rei Dom Phelipe 1\u00ba pos a cidade aqui Dom Vasco da Gama 1\u00ba Conde Almirante Descobridor e Conquistador de la India sendo Vizo-rei o Conde Dom Francisco da Gama seu bisneto o ano de 97<\/em>\u00bb\u00a0 No lleg\u00f3 a digerir tanta grandeza la baronesa Brassay, vivaz escritora e incansable viajera brit\u00e1nica -pose\u00eda un lujoso yate a bordo del cual recorri\u00f3 los mares con su marido- cuando en su libro p\u00f3stumo \u00ab<em>The Last Voyage to India and Australia in the Sunbeam<\/em>\u00bb (1887), menciona ir\u00f3nicamente la insignificancia del arco lus\u00edada porque al ir a fotografiarlo bast\u00f3 el salacot de un acompa\u00f1ante para eclipsarlo. De no haber ofuscado dicho casco el objetivo de la c\u00e1mara de la baronesa, la emulsi\u00f3n de la placa fotogr\u00e1fica se habr\u00eda velado con el fulgor de luminarias como la participaci\u00f3n de Diogo de Couto, el historiador y amigo de Cam\u00f5es, en los fastos que en 1609 marcaron la solemne rentronizaci\u00f3n de Vasco de Gama en el <em>Arco dos Vice-reis<\/em> (foto tomada del blog de itinerancias \u00ab<em>De volta \u00e0 \u00cdndia<\/em>\u00bb en <em>http:\/\/voltaindia.blospot.com<\/em>).<\/span><\/p>\n<p style=\"text-align: justify;\">Cada\u00a0 provocaci\u00f3n \u00a0entra\u00f1a\u00a0 un\u00a0 <em>casus \u00a0belli<\/em>\u00a0\u00a0 pero es\u00a0 preciso aparentar que Goa s\u00f3lo sufre un nuevo embate de la jactancia india y que, terminado el parip\u00e9, todo volver\u00e1 a ser como antes. Sin embargo, el lunes 11 de diciembre los europeos intuyen que esta crisis no es como las anteriores e intentan malvender, sin hallar compradores, muebles y autom\u00f3viles. El mi\u00e9rcoles 13 de diciembre cunde el p\u00e1nico bancario: la gente se precipita a retirar sus dep\u00f3sitos. Lisboa, consciente de que los d\u00edas portugueses del <em>Estado<\/em> <em>da \u00cdndia<\/em> est\u00e1n contados, tiene ya vuelta su mirada hacia Africa y se limita a dosificar la desinformaci\u00f3n y el victimismo.\u00a0 Pese a todo, en la v\u00edspera del \u00ab<em>Vijay Day<\/em>\u00bb los oficiales del Imperio Lus\u00edada mantienen rutinas como dar unos patacos al mendigo que pide <em>esmolas<\/em> bajo una higuera de Bengala en el mercado de Pangim, delegar en el sargento go\u00e9s, pol\u00edglota y eficaz, el cifrado y descifrado de tediosos comunicados confidenciales o saborear melac\u00f3licamente frente al mar, en las frescas noches estrelladas de Marg\u00e3o, los <em>Gibson Martini<\/em> que mezcla el <em>barman<\/em> del Bar Longinhos. Son las postrimer\u00edas de un mundo que declina. En breve, esos mismos personajes, vueltas las tornas, los vigilar\u00e1n sin casticismos desde el otro lado de las alambradas de los improvisados campos de concentraci\u00f3n de Novalim y Pond\u00e1, enfundados en flamantes uniformes del ej\u00e9rcito de la Uni\u00f3n India.<\/p>\n<p style=\"text-align: center;\"><a href=\"https:\/\/www.opinioneslibres.es\/memoriasdeunexcentrico\/wp-content\/uploads\/2012\/07\/fig061.jpg\"><img loading=\"lazy\" decoding=\"async\" class=\"size-medium wp-image-445\" title=\"fig06\" src=\"https:\/\/www.opinioneslibres.es\/memoriasdeunexcentrico\/wp-content\/uploads\/2012\/07\/fig061-300x179.jpg\" alt=\"\" width=\"300\" height=\"179\" srcset=\"https:\/\/www.opinioneslibres.es\/memoriasdeunexcentrico\/wp-content\/uploads\/2012\/07\/fig061-300x179.jpg 300w, https:\/\/www.opinioneslibres.es\/memoriasdeunexcentrico\/wp-content\/uploads\/2012\/07\/fig061.jpg 374w\" sizes=\"auto, (max-width: 300px) 100vw, 300px\" \/><\/a><\/p>\n<p style=\"text-align: justify;\"><span style=\"color: #0000ff;\"><span style=\"color: #000000;\"><strong>(Fig. 6).<\/strong>&#8211;<\/span> <em><strong><span style=\"color: #000000;\">El dios Visn\u00fa y sus avatares.<\/span><\/strong><\/em> Uno de ellos es \u00abVijay\u00bb o \u00abArjuna\u00bb, el arquero invencible. <em>Vijay<\/em> significa en s\u00e1nscrito \u00abofensiva victoriosa\u00bb. Designar \u00ab<em>Operaci\u00f3n Vijay<\/em>\u00bb a la invasi\u00f3n de Goa no fu\u00e9 inocente ni casual. Creyente a su manera, simpatizante del hinduismo en su juventud, dudando a veces entre marxismo y catolicismo pero demasiado conocedor de los brit\u00e1nicos como para sentirse atra\u00eddo por el protestantismo imperial, Nerhu valor\u00f3 en la religi\u00f3n -como Stalin- el factor de movilizaci\u00f3n, elemento capaz de infundir entusiasmo y militancia al proletariado mayoritariamente hinduista de su patria (<em>ilustraci\u00f3n tomada de http:\/\/sobreindia.com<\/em>).<\/span><\/p>\n<p style=\"text-align: justify;\">El lunes 18 de Diciembre de 1961 es la fecha oficial del comienzo de la \u00ab<em>Operaci\u00f3n Vijay<\/em>\u00ab. Nerhu, que es buen escritor y conoce el valor subliminal de las palabras porque con ellas ha enamorada locamente a la esposa del \u00faltimo virrey brit\u00e1nico, no ha elegido el nombre en vano. Con la palabra Vijay se designa en s\u00e1nscrito al \u00ab<em>ataque victorioso<\/em>\u00ab. Pero Vijay es tambi\u00e9n uno de los diez nombres de Arjuna, el arquero divino del Mahabharata y una de las teofan\u00edas de Visn\u00fa, el dios de dioses, creador, conservador y destructor del universo. Las sagradas flechas de Arjuna buscar\u00e1n el coraz\u00f3n del <em>Estado Portugu\u00eas da India<\/em> asaete\u00e1ndolo all\u00ed donde verdaderamente palpita: en Pangim, la sede del Gobierno, y en la aglomeraci\u00f3n Vasco da Gama-Mormug\u00e3o, la sede industrial. Para tomarlos, el ej\u00e9rcito de la Uni\u00f3n India lanza, en una operaci\u00f3n masiva, cuatro ataques: dos por el norte, uno por el este y una maniobra diversiva por el sur. La Marina se encarga del bloqueo naval y de la destrucci\u00f3n de las defensas costeras u otros objetivos a tiro. Los atacantes apoyan su avance saboteando las defensas del territorio con quintacolumnistas e infiltrados. Desde el aire neutralizan artiller\u00eda y morteros mientras las unidades de ingenieros interfieren transmisiones, ocupan puntos neur\u00e1lgicos, reparan rutas de invasi\u00f3n e inutilizan aeropuertos. M\u00e1s o menos lo que cualquier manual militar ense\u00f1a. Nada a lo cual puedan responder, sin aviaci\u00f3n ni carros de combate, unas precarias fuerzas portuguesas lastradas por la biso\u00f1ez -las aguerridas tropas africanas han sido sustitu\u00eddas por soldados de remplazo y alf\u00e9reces de complemento- y por la mediocridad de su armamento -est\u00e1n equipadas con fusiles Kropatschek modelo 1892 y la artiller\u00eda, mayormente in\u00fatil, apenas puede disparar unas municiones que, procedentes de la Primera Guerra Mundial y de partidas defectuosas o rechazadas por West Point, se han ido pudriendo en las h\u00famedas santab\u00e1rbaras tropicales-.<\/p>\n<p style=\"text-align: justify;\">Iniciado el asalto, Nerhu-Arjuna se esfuerza por salvar la buena imagen de su avatar pacifista. Las \u00f3rdenes que ha dado al ej\u00e9rcito son estrictas: deben avanzar reduciendo al m\u00ednimo las bajas propias y las ajenas. Son casi 50.000 hombres contra apenas 3.500, apabullados por cazas enemigos que cuando localizan concentraciones de tropas portuguesas juegan a volar sobre sus cabezas sin disparar. El ej\u00e9rcito hind\u00fa, de ejemplar disciplina, cumple as\u00ed la voluntad de Nerhu. Pese al despliegue propagand\u00edstico que ha satanizado a los lusos, present\u00e1ndolos ante la opini\u00f3n p\u00fablica india como esbirros sanguinarios al servicio de una tiran\u00eda colonialista cuyas violaciones de los Derechos Humanos nada tiene que envidiar a las de las dictaduras de Hitler, Mussolini y Franco, los invasores act\u00faan casi siempre con calculada contenci\u00f3n. Frente al plazo de ocho d\u00edas para perder la guerra que buscaba Salazar, el Pandit Nehru \u2013conocedor de sus planes\u2013 se propuso ganarla en tres. Pero bastaron 48 horas para poner fin a 461 a\u00f1os de soberan\u00eda portuguesa.<\/p>\n","protected":false},"excerpt":{"rendered":"<p>Otra noche m\u00e1s que no duermo, Otra noche m\u00e1s que se pierde, \u00bfQu\u00e9 habr\u00e1 tras esa puerta verde?, \u00bfQu\u00e9 habr\u00e1 tras esa puerta verde? \u00bfQu\u00e9 habr\u00e1?&#8230; \u00a0(\u00abLa Puerta Verde\u00bb, Los Llopis, grupo de rock cubano, 1958) No est\u00e1 de m\u00e1s rememorar la divisi\u00f3n administrativa del que fuera Estado Portugu\u00eas da \u00cdndia, al cual sol\u00eda aludirse [&hellip;]<\/p>\n","protected":false},"author":1,"featured_media":0,"comment_status":"open","ping_status":"open","sticky":false,"template":"","format":"standard","meta":{"footnotes":""},"categories":[1],"tags":[],"class_list":["post-433","post","type-post","status-publish","format-standard","hentry","category-uncategorized"],"_links":{"self":[{"href":"https:\/\/www.opinioneslibres.es\/memoriasdeunexcentrico\/index.php?rest_route=\/wp\/v2\/posts\/433","targetHints":{"allow":["GET"]}}],"collection":[{"href":"https:\/\/www.opinioneslibres.es\/memoriasdeunexcentrico\/index.php?rest_route=\/wp\/v2\/posts"}],"about":[{"href":"https:\/\/www.opinioneslibres.es\/memoriasdeunexcentrico\/index.php?rest_route=\/wp\/v2\/types\/post"}],"author":[{"embeddable":true,"href":"https:\/\/www.opinioneslibres.es\/memoriasdeunexcentrico\/index.php?rest_route=\/wp\/v2\/users\/1"}],"replies":[{"embeddable":true,"href":"https:\/\/www.opinioneslibres.es\/memoriasdeunexcentrico\/index.php?rest_route=%2Fwp%2Fv2%2Fcomments&post=433"}],"version-history":[{"count":16,"href":"https:\/\/www.opinioneslibres.es\/memoriasdeunexcentrico\/index.php?rest_route=\/wp\/v2\/posts\/433\/revisions"}],"predecessor-version":[{"id":461,"href":"https:\/\/www.opinioneslibres.es\/memoriasdeunexcentrico\/index.php?rest_route=\/wp\/v2\/posts\/433\/revisions\/461"}],"wp:attachment":[{"href":"https:\/\/www.opinioneslibres.es\/memoriasdeunexcentrico\/index.php?rest_route=%2Fwp%2Fv2%2Fmedia&parent=433"}],"wp:term":[{"taxonomy":"category","embeddable":true,"href":"https:\/\/www.opinioneslibres.es\/memoriasdeunexcentrico\/index.php?rest_route=%2Fwp%2Fv2%2Fcategories&post=433"},{"taxonomy":"post_tag","embeddable":true,"href":"https:\/\/www.opinioneslibres.es\/memoriasdeunexcentrico\/index.php?rest_route=%2Fwp%2Fv2%2Ftags&post=433"}],"curies":[{"name":"wp","href":"https:\/\/api.w.org\/{rel}","templated":true}]}}