{"id":67,"date":"2010-08-25T00:48:51","date_gmt":"2010-08-24T22:48:51","guid":{"rendered":"https:\/\/www.opinoineslibres.es\/memoriasdeunexcentrico\/?p=67"},"modified":"2010-08-25T00:48:51","modified_gmt":"2010-08-24T22:48:51","slug":"la-casa-de-la-palabra-junto-al-mar","status":"publish","type":"post","link":"https:\/\/www.opinioneslibres.es\/memoriasdeunexcentrico\/?p=67","title":{"rendered":"\u00abLa Casa de la Palabra junto al Mar\u00bb"},"content":{"rendered":"<blockquote><p><!--[if gte mso 9]><xml> <w:WordDocument> <w:View>Normal<\/w:View> <w:Zoom>0<\/w:Zoom> <w:PunctuationKerning \/> <w:ValidateAgainstSchemas \/> <w:SaveIfXMLInvalid>false<\/w:SaveIfXMLInvalid> <w:IgnoreMixedContent>false<\/w:IgnoreMixedContent> <w:AlwaysShowPlaceholderText>false<\/w:AlwaysShowPlaceholderText> <w:Compatibility> <w:BreakWrappedTables \/> <w:SnapToGridInCell \/> <w:WrapTextWithPunct \/> <w:UseAsianBreakRules \/> <w:DontGrowAutofit \/> <\/w:Compatibility> <w:BrowserLevel>MicrosoftInternetExplorer4<\/w:BrowserLevel> <\/w:WordDocument> <\/xml><![endif]--><!--[if gte mso 9]><xml> <w:LatentStyles DefLockedState=\"false\" LatentStyleCount=\"156\"> <\/w:LatentStyles> <\/xml><![endif]--><\/p>\n<p><!--[if gte mso 10]>\n<mce:style><!   \/* Style Definitions *\/  table.MsoNormalTable \t{mso-style-name:\"Table Normal\"; \tmso-tstyle-rowband-size:0; \tmso-tstyle-colband-size:0; \tmso-style-noshow:yes; \tmso-style-parent:\"\"; \tmso-padding-alt:0in 5.4pt 0in 5.4pt; \tmso-para-margin:0in; \tmso-para-margin-bottom:.0001pt; \tmso-pagination:widow-orphan; \tfont-size:10.0pt; \tfont-family:\"Times New Roman\"; \tmso-ansi-language:#0400; \tmso-fareast-language:#0400; \tmso-bidi-language:#0400;} --><\/p>\n<p><!--[endif]--><!--[if gte mso 9]><xml> <o:shapedefaults v:ext=\"edit\" spidmax=\"2049\" \/> <\/xml><![endif]--><!--[if gte mso 9]><xml> <o:shapelayout v:ext=\"edit\"> <o:idmap v:ext=\"edit\" data=\"1\" \/> <\/o:shapelayout><\/xml><![endif]--><\/p>\n<p><!--[if gte mso 9]><xml> <w:WordDocument> <w:View>Normal<\/w:View> <w:Zoom>0<\/w:Zoom> <w:PunctuationKerning \/> <w:ValidateAgainstSchemas \/> <w:SaveIfXMLInvalid>false<\/w:SaveIfXMLInvalid> <w:IgnoreMixedContent>false<\/w:IgnoreMixedContent> <w:AlwaysShowPlaceholderText>false<\/w:AlwaysShowPlaceholderText> <w:Compatibility> <w:BreakWrappedTables \/> <w:SnapToGridInCell \/> <w:WrapTextWithPunct \/> <w:UseAsianBreakRules \/> <w:DontGrowAutofit \/> <\/w:Compatibility> <w:BrowserLevel>MicrosoftInternetExplorer4<\/w:BrowserLevel> <\/w:WordDocument> <\/xml><![endif]--><!--[if gte mso 9]><xml> <w:LatentStyles DefLockedState=\"false\" LatentStyleCount=\"156\"> <\/w:LatentStyles> <\/xml><![endif]--><\/p>\n<p><!--[if gte mso 10]>\n<mce:style><!   \/* Style Definitions *\/  table.MsoNormalTable \t{mso-style-name:\"Table Normal\"; \tmso-tstyle-rowband-size:0; \tmso-tstyle-colband-size:0; \tmso-style-noshow:yes; \tmso-style-parent:\"\"; \tmso-padding-alt:0in 5.4pt 0in 5.4pt; \tmso-para-margin:0in; \tmso-para-margin-bottom:.0001pt; \tmso-pagination:widow-orphan; \tfont-size:10.0pt; \tfont-family:\"Times New Roman\"; \tmso-ansi-language:#0400; \tmso-fareast-language:#0400; \tmso-bidi-language:#0400;} --><\/p>\n<p><!--[endif]--><!--[if gte mso 9]><xml> <o:shapedefaults v:ext=\"edit\" spidmax=\"1026\" \/> <\/xml><![endif]--><\/p>\n<p class=\"MsoNormal\" style=\"margin: 0in 0.5in 0.0001pt; text-align: justify;\"><span lang=\"ES\"><span> <\/span><\/span><\/p>\n<\/blockquote>\n<blockquote>\n<p class=\"MsoNormal\" style=\"margin: 0in 0.5in 0.0001pt 45pt; text-align: justify; text-indent: -9pt;\"><span lang=\"ES\"><span> <\/span>\u201c<em>Esto s\u00f3lo hall\u00e9 de lo que escribi\u00f3 de edad de 20 a\u00f1os. Pas\u00f3 a la India Oriental, inclinado a ver m\u00e1s mundo que la estrecheza de la patria, donde, por necesidad, serv\u00eda con algo de marcial y belicoso ingenio. Perdi\u00f3se en \u00e9l el mejor de aquella edad\u2026<\/em>\u201d<\/span><\/p>\n<\/blockquote>\n<blockquote>\n<p class=\"MsoNormal\" style=\"margin: 0in 0.5in 0.0001pt; text-align: justify;\"><span lang=\"ES\"> <\/span><\/p>\n<p class=\"MsoNormal\" style=\"margin: 0in 0.5in 0.0001pt; text-align: center;\" align=\"center\"><span lang=\"ES\">(Lope de Vega \u2013sobre Pedro Medina Medinilla- en \u201c<em>La Filomena<\/em>\u201d, 1612)<\/span><\/p>\n<p class=\"MsoNormal\" style=\"margin: 0in 0.5in 0.0001pt; text-align: center;\" align=\"center\"><span lang=\"ES\"><br \/>\n<\/span><\/p>\n<p class=\"MsoNormal\" style=\"margin: 0in 0.5in 0.0001pt; text-align: center;\" align=\"center\"><span lang=\"ES\"> <\/span><\/p>\n<p class=\"MsoNormal\" style=\"margin: 0in 0.5in 0.0001pt; text-align: justify;\"><span lang=\"ES\"> <\/span><\/p>\n<\/blockquote>\n<p class=\"MsoNormal\" style=\"text-align: justify;\"><span lang=\"ES\">La Guinea Ecuatorial que fu\u00e9 espa\u00f1ola nos desvel\u00f3 una tradici\u00f3n, la de las llamadas \u201cCasas de la Palabra\u201d. Eran lugares privilegiados de di\u00e1logo tribal. Caba\u00f1as bajo cuyos techos trenzados con pencas de palma daban consejo los sabios, discut\u00edan querellas y litigios los jefes, y una generaci\u00f3n transmit\u00eda a la siguiente su experiencia.<!--more--><\/span><\/p>\n<p class=\"MsoNormal\" style=\"text-align: justify;\"><span lang=\"ES\"> <\/span><\/p>\n<p class=\"MsoNormal\" style=\"text-align: justify;\"><span lang=\"ES\">Las \u201cCasas de la Palabra\u201d no son una invenci\u00f3n moderna. Existen desde que nuestros primos de Neanderthal se supieron poseedores del don del lenguaje y lo perfeccionaron. Es impensable que hayan cuidado de los inv\u00e1lidos o rendido homenajes florales a sus muertos -como descubri\u00f3 la Paleontolog\u00eda Humana hace a\u00f1os- sin antes haber hablado. Transmitir a otra persona una parcela de la propia intimidad es, adem\u00e1s de comunicarse, un primer paso para entrar en comuni\u00f3n. Y dondequiera que dos o m\u00e1s personas buscan algo en com\u00fan para transcender sus diferencias surge, sin necesidad de techo ni paredes, una s\u00f3lida \u201cCasa de la Palabra\u201d. Las \u201cCasas de la Palabra\u201d se reparten as\u00ed, invisibles, por todas las geograf\u00edas urbanas y campestres del mundo. Son nodos en la red de la solidaridad humana. No son estructuras premeditadas ni oportunistas. Sus cimientos est\u00e1n en tierra pero son las ra\u00edces del cielo y tienen por ello poco que ver con los fundamentos de sedes socio?pol\u00edticas como las \u201cCasas del Partido\u201d o las \u201cCasas del Pueblo\u201d. Ni tan siquiera coinciden con esas \u201cCasas de Dios\u201d que pretenden apropiarse de lo que no tiene due\u00f1o.<span> <\/span>Las \u201cCasas de la Palabra\u201d se alzan en una plaza, en un batey, en una estaci\u00f3n de tren, en un campo de refugiados, en la c\u00e1rcel de Najayo, en la disidencia, en el aeropuerto de Orly o en el culto a un Dios misterioso que ama por igual a todos los hombres.<span> <\/span>Puede que cuando las \u201cCasas de la Palabra\u201d crezcan hasta formar grandes ciudades el Mundo est\u00e9 por fin maduro para la Justicia. Entre tanto, permitidme que os cuente c\u00f3mo una vez v\u00ed crecer una de ellas\u2026<\/span><\/p>\n<p class=\"MsoNormal\" style=\"text-align: justify;\"><span lang=\"ES\"> <\/span><\/p>\n<p class=\"MsoNormal\" style=\"text-align: justify;\"><span lang=\"ES\">En 1947 el autor de mis d\u00edas se hab\u00eda afincado, tras divorciarse de mi madre, en el Santo Domingo de Guzm\u00e1n que perdi\u00f3 su santidad para llamarse \u201cCiudad Trujillo\u201d \u00bfC\u00f3mo pudo, tras una brillante trayectoria acad\u00e9mica, pol\u00edtica, militar y literaria, a punto casi de ser Magistrado de Primera Instancia en Barcelona, renunciar a todo y desaparecer, sin m\u00e1s, en una satrap\u00eda de las Indias Occidentales? Jam\u00e1s explic\u00f3 el por qu\u00e9 de su auto?exilio. Lo m\u00e1s parecido a una explicaci\u00f3n estar\u00eda en las entrel\u00edneas de su libro \u201c<em>No \u00e9ramos as\u00ed<\/em>\u201d. Una novela donde, pese a los recortes y cambios impuestos por la feroz censura de 1942, algunos han querido ver una <em>opera prima<\/em> sobre el desencanto precoz de ciertos sectores del bando vencedor con el franquismo. <\/span><\/p>\n<p class=\"MsoNormal\" style=\"text-align: justify;\"><span lang=\"ES\"> <\/span><\/p>\n<p class=\"MsoNormal\" style=\"text-align: justify;\"><span lang=\"ES\">Mientras terminaba el bachillerato en Madrid pude regresar un par de veranos a Ciudad Trujillo y visitar all\u00ed a mi padre. Pero a partir de 1961 la posibilidad de seguir haci\u00e9ndolo se trunc\u00f3 \u00a1Cu\u00e1ntas veces hab\u00eda bromeado en el colegio con los versos retocados del \u201c<em>Est\u00e1 la noche serena<\/em>\u201d de Espronceda!: \u201c<em>Hojas del libro ca\u00eddas\/Juguetes del gato son:\/Las vacaciones perdidas,\/\u00a1Ay!, son consecuencias nacidas\/De no saber la lecci\u00f3n<\/em>\u201d. Y cu\u00e1n lejos estaba entonces yo de adivinar que un suspenso en las pruebas de acceso a la Universidad puede convertirse en la mariposa que bate sus alas en China hasta desencadenar un hurac\u00e1n en el Caribe.<\/span><\/p>\n<p class=\"MsoNormal\" style=\"text-align: justify;\"><span lang=\"ES\"> <\/span><\/p>\n<p class=\"MsoNormal\" style=\"text-align: justify;\"><span lang=\"ES\">Mi padre intuy\u00f3 que podiamos dejar de vernos y que la ausencia que se avecinaba, adem\u00e1s de larga, era distinta. A\u00fan me faltaban muchos a\u00f1os para alcanzar esa edad en la que se vive a sabiendas de que \u201c<em>cuando no pasa nada, todo puede ocurrir de repente<\/em>\u201d. Por eso, en aquel \u00faltimo verano caribe\u00f1o de mi adolescencia, me sorprendi\u00f3 que insistiera en una propuesta que no era normal en \u00e9l y que, a decir verdad, no me pareci\u00f3 particularmente atractiva: acompa\u00f1arlo una tarde a presenciar el paseo del presidente espor\u00e1dico y dictador perpetuo de la Rep\u00fablica Dominicana, General\u00edsimo Don Rafael Le\u00f3nidas Trujillo Molina, por el Malec\u00f3n de la capital dominicana.<\/span><\/p>\n<p class=\"MsoNormal\" style=\"text-align: justify;\"><span lang=\"ES\"> <\/span><\/p>\n<p class=\"MsoNormal\" style=\"text-align: justify;\"><span lang=\"ES\">Aunque un poco a rega\u00f1adientes, acept\u00e9 la invitaci\u00f3n. El Malec\u00f3n de Ciudad Trujillo era el paseo mar\u00edtimo m\u00e1s largo de las Am\u00e9ricas. Constru\u00eddo para hacer eterna la memoria del General\u00edsimo Trujillo, fu\u00e9 barrido por un cicl\u00f3n poco tiempo despu\u00e9s de su muerte. En la actualidad, mal cuidado y peor alumbrado, no conserva nada del pasado esplendor. Pero en el momento de mi narraci\u00f3n era mucho m\u00e1s que una v\u00eda de tr\u00e1nsito. En \u00e9l se convocaban multitudinarias adhesiones y desfiles militares. En tanto que arquitectura totalitaria el Malec\u00f3n serv\u00eda para divinizar a Trujillo y deshumanizar al ciudadano. El dise\u00f1o, simple pero metaf\u00f3rico, evocaba en su linealidad una de las pretendidas virtudes de Trujillo, la \u201c<em>rectitud<\/em>\u201d. La amplia calzada discurr\u00eda entre blancos edificios a tierra y oscuros acantilados hacia el mar, flanqueada por hileras de palmas reales, emblema del Partido \u00danico trujillista, cuidadosamente enjabelgadas hasta un tercio de su altura. Y enderezando la recortada costa, interminables bancos corridos<span> <\/span>cuyas pilastras eran bajos y rechonchos obeliscos \u2013un gui\u00f1o a la pasi\u00f3n que en la familia Trujillo despertaban las tramoyas fara\u00f3nicas al estilo \u201cA\u00edda\u201d\u00ad- iluminados cada tarde por farolas art-dec\u00f3 \u201c<em>made in Miami<\/em>\u201d. Empero, la verdadera majestuosidad del Malec\u00f3n no resid\u00eda en ning\u00fan proyecto humano sino en las aguas del Caribe. Un mar vivo cuyas rompientes no han dejado de erosionar, horadar y minar los acantilados que sustentan el Malec\u00f3n, ni un s\u00f3lo d\u00eda. Un mar que, en definitiva, propone siempre horizontes distintos de los nuestros.<\/span><\/p>\n<p class=\"MsoNormal\" style=\"text-align: justify;\"><span lang=\"ES\"><span> <\/span><\/span><\/p>\n<p class=\"MsoNormal\" style=\"text-align: justify;\"><span lang=\"ES\">Diariamente, a fin de que el General\u00edsimo Trujillo y sus servidores pudiesen reponerse de una larga jornada de trabajo y cabalgar a placer por el Malec\u00f3n, se cerraba \u00e9ste al p\u00fablico \u2013exactamente a<span> <\/span>las seis en punto de la tarde- a lo largo de toda la extensi\u00f3n comprendida entre el puerto de Ciudad Trujillo y los pabellones de la Feria Ganadera, a las afueras de la ciudad. \u00danicamente quedaban exclu\u00eddos de dicha prohibici\u00f3n los diplom\u00e1ticos acreditados en Santo Domingo. La circunstancia de ser mi padre Director del Bolet\u00edn de la C\u00e1mara de Comercio Espa\u00f1ola y Canciller de la Embajada de Espa\u00f1a le autorizaba a utilizar una identificaci\u00f3n diplom\u00e1tica en su autom\u00f3vil, un diminuto Ford \u201cSquire\u201d de color azul, que ser\u00eda nuestro salvoconducto para acceder a aquel \u201c<em>sancta sanctorum<\/em>\u201d ecuestre. <\/span><\/p>\n<p class=\"MsoNormal\" style=\"text-align: justify;\"><span lang=\"ES\"> <\/span><\/p>\n<p class=\"MsoNormal\" style=\"text-align: justify;\"><span lang=\"ES\">Llegamos al Malec\u00f3n antes del toque de queda, justo cuando la policia comenzaba a apostarse en las bocacalles, y mi padre estacion\u00f3 su peque\u00f1o veh\u00edculo frente al mar, sin ser molestado, en un punto de observaci\u00f3n que hab\u00eda elegido previamente. Nos acomodamos en uno de los bancos menos iluminados. El sol comenzaba el r\u00e1pido declive de los crep\u00fasculos tropicales. Era la hora en la cual el frescor de la brisa dulcifica la ciudad y el aire denso y abrasador se aligera y va llen\u00e1ndose de aromas. Los bufidos del mar en los pilancones de los acantilados y el continuo rumor de las rompientes me hizo desear quedarme all\u00ed para siempre. Absorto en los cangrejos que iban y ven\u00edan entre rocas y palmeras, la voz de mi padre me devolvi\u00f3 repentinamente a la realidad: \u201c<em>Hijo, quer\u00eda decirte algo<\/em>\u201d. La vehemencia de sus palabras reclamaba mi atenci\u00f3n. Todo indicaba que se propon\u00eda compartir un secreto que no deb\u00eda seguir si\u00e9ndolo. Que deseaba transmitirme unos conocimientos que podr\u00edan serme \u00fatiles m\u00e1s adelante. Primero le escuch\u00e9 con curiosidad, despu\u00e9s con inter\u00e9s. Fue as\u00ed como me hizo una serie de confidencias acerca de los a\u00f1os que precedieron a su salida de Barcelona.<\/span><\/p>\n<p class=\"MsoNormal\" style=\"text-align: justify;\"><span lang=\"ES\"> <\/span><\/p>\n<p class=\"MsoNormal\" style=\"text-align: justify;\"><em><span lang=\"ES\">\u201cEl derrumbe de los \u00faltimas fuerzas republicanas en Catalu\u00f1a y la ocupaci\u00f3n de las fronteras por las tropas fieles al General Franco produjo grandes bolsadas de prisioneros republicanos que, tras su rendici\u00f3n, fueron internados en c\u00e1rceles o en improvisados campos de concentraci\u00f3n. Para los directores de aquellas y los jefes de \u00e9stos era sencillo robar impunemente el dinero de los presupuestos previstos para alimentar a los reclusos que hab\u00edan sido puestos bajo su responsabilidad. Si a las privaciones comunes en la Espa\u00f1a de postguerra a\u00f1adimos el hacinamiento en locales inadecuados, y la falta de higiene, causa de par\u00e1sitos y enfermedades, prevalentes entre los cautivos, a nadie se le ocultaba que la alimentaci\u00f3n disponible pod\u00eda representar la diferencia entre la vida y la muerte para los m\u00e1s d\u00e9biles de ellos. Al margen de consideraciones m\u00e1s elevadas, bast\u00f3 \u00e9sta \u00faltima circunstancia para que muchos que pudieron robar se abstuvieran de hacerlo. Nunca sabremos ni cu\u00e1ntos eran ni c\u00f3mo se llamaban, pero recordarlos es honrarlos. Otros llevan en s\u00ed la simiente del olvido. Como aquel heroico combatiente, envidiado por su constelaci\u00f3n de medallas militares, que no pudo resistirse a la tentaci\u00f3n de sustraer dinero de las partidas reservadas a la alimentaci\u00f3n de los prisioneros. Ni siquiera los capellanes osaban denunciarlo p\u00fablicamente. Fue mi padre, con los datos que otros le facilitaron, qui\u00e9n lo hizo. Pese a tratarse de un paisano y amigo. De nada le sirvi\u00f3 hacerlo. Unos lo tomaron por loco. Otros por est\u00fapido. Se gan\u00f3, eso s\u00ed, una poderosa enemistad y, tal vez, un atentado en un callej\u00f3n oscuro de Barcelona del cual sali\u00f3 ileso.\u201d<span> <\/span><\/span><\/em><\/p>\n<p class=\"MsoNormal\" style=\"text-align: justify;\"><span lang=\"ES\"> <\/span><\/p>\n<p class=\"MsoNormal\" style=\"text-align: justify;\"><span lang=\"ES\">El sol ya se hab\u00eda puesto. Menos de media hora hab\u00eda tardado en posarse sobre el mar en un exagerado atardecer de rojos y naranjas donde cada tonalidad parec\u00eda flotar en el aire, confundida con los aromas de la tarde. Al decaer las \u00faltimas claridades diurnas se iban abriendo las oquedades azules y viol\u00e1ceas que vaticinan las tinieblas. Y, de repente, como si algui\u00e9n hubiese accionado un interruptor celeste se hizo la noche. Cientos, miles, millones de estrellas tachonando la negrura del infinito. Ni la viva luz de las farolas \u201c<em>made in Miami<\/em>\u201d era capaz de hacer mella en la exhuberancia de la noche tropical. Creo que mi padre se hab\u00eda dado cuenta de que contemplaba la b\u00f3veda celeste tan boquiabierto, como si estuviese presenciando la mism\u00edsima creaci\u00f3n del Universo. \u201c<em>Mira all\u00ed arriba, en aquella esquina \u00bfVes?, es la Cruz del Sur, en \u00e9sta \u00e9poca del a\u00f1o la constelaci\u00f3n roza nuestras latitudes y nos visita brevemente<\/em>\u201d. Busqu\u00e9 entre la infinidad de estrellas pero, cuando cre\u00eda reconocer el signo de la cruz en un perdido calvario c\u00f3smico, una advertencia nerviosa me hizo mirar para otro lado. <em>\u201c\u00a1Hijo!\u00a1Ah\u00ed est\u00e1n, ya llegan!\u201d<\/em>. Me bast\u00f3 bajar la mirada para distinguirlos. A\u00fan estaban muy lejos, pero se divisaba un grupo compacto de jinetes cabalgando en nuestra direcci\u00f3n desde el extremo occidental del Malec\u00f3n. Un Volkswagen negro, con larga antena y vidrios tintados, pas\u00f3 lentamente ante nosotros. Estaba, a buen seguro, informando de nuestra presencia y record\u00e1ndonos que no pas\u00e1bamos desapercibidos.<\/span><\/p>\n<p class=\"MsoNormal\" style=\"text-align: justify;\"><span lang=\"ES\"> <\/span><\/p>\n<p class=\"MsoNormal\" style=\"text-align: justify;\"><em><span lang=\"ES\">\u201cEvita Per\u00f3n hab\u00eda conseguido investirse a s\u00ed misma con una peculiar imagen de santa laica. En otro siglo tal vez hasta hubiese figurado en la hagiograf\u00eda imaginaria de la \u201cLeyenda A\u00farea\u201d e incluso -\u00bfQui\u00e9n sabe?- puede que alg\u00fan Papa de Avi\u00f1\u00f3n, con af\u00e1n de ganarse al sinf\u00edn de \u201cdescamisados\u201d de su tiempo, hubiese accedido a canonizarla por aclamaci\u00f3n popular. Mas su siglo fu\u00e9 muy otro. A la paup\u00e9rrima muchacha que, salida de un burdel provinciano, hab\u00eda transformado en dictador carism\u00e1tico a un pusil\u00e1nime mujeriego y humillado a la burgues\u00eda m\u00e1s esnob de las Am\u00e9ricas ya no le bastaba con patrocinar carreras de b\u00f3lidos por la Carretera Panamericana. Europa tambi\u00e9n deb\u00eda ser testigo de su \u00e9xito y de sus bondades. La Espa\u00f1a que intentaba sobrevivir al hambre de la postguerra y al bloqueo internacional de los Aliados era un lugar id\u00f3neo para que el peronismo ejerciese la generosidad. No solamente dirig\u00eda el General\u00edsimo Franco un movimiento pol\u00edtico donde a\u00fan ten\u00edan peso algunos postulados falangistas, compartidos por el Justicialismo, sino que exist\u00eda una cierta coordinaci\u00f3n entre Franco, Per\u00f3n y Trujillo. Gracias a ello la Argentina organiz\u00f3 un verdadero puente mar\u00edtimo enviando innumerables barcos con cargamentos de trigo, ma\u00edz y carne que, por expresa voluntad de Evita, deb\u00edan ser distribu\u00eddos gratuitamente entre los \u201cdescamisados\u201d espa\u00f1oles. No parece haber sido as\u00ed. Las cantidades de esa ayuda alimentaria que llegar\u00edan a los \u201cdescamisados\u201d a trav\u00e9s de los centros de Auxilio Social fueron inferiores a las vendidas clandestinamente en el mercado negro. De carne, en particular, lleg\u00f3 una cantidad exigua a los comedores p\u00fablicos. Las ventas enriquecieron a unas pocas personas bien situadas en los circuitos de distribuci\u00f3n. Mi padre, una vez m\u00e1s, volvi\u00f3 a denunciarlo. Esta vez pudo llegar m\u00e1s arriba porque en Barcelona hab\u00eda conocido a personas del entorno de Evita Per\u00f3n. Apenas alcanz\u00f3 a recibir alg\u00fan consejo bienintencionado del tipo: \u201c\u00a1Pero hombre, Jos\u00e9 Mari!, \u00bfOtra vez t\u00fa?, \u00a1Coge tu parte como los dem\u00e1s y deja de complicarte la vida!\u201d. No existen alusiones a este fraude de no ser una \u00fanica menci\u00f3n, transcrita por el historiador y novelista Dar\u00edo Fern\u00e1ndez-Fl\u00f3rez. Suya fu\u00e9 una olvidada novela picaresca, \u201cLola Espejo Oscuro\u201d, que a\u00fan mutilada por la censura triunf\u00f3 dentro y fuera de Espa\u00f1a.<span> <\/span>Al General\u00edsimo Franco \u2013como narra el mismo Fern\u00e1ndez-Fl\u00f3rez- no le complaci\u00f3 que la pretendida autobiograf\u00eda de una prostituta dejase malparada a la Espa\u00f1a del Movimiento Nacional y orden\u00f3 no reeditarla m\u00e1s all\u00e1 de la s\u00e9ptima edici\u00f3n. El escritor no se desanim\u00f3 por ello y en cuando pudo hacerlo escribi\u00f3 tres secuelas, muy inferiores a la excelente novela original. En la tercera de ellas, publicada en 1978, uno de sus clientes revela a Lola Espejo Oscuro c\u00f3mo ciertas personas se hicieron con grandes fortunas robando la ayuda alimentaria argentina\u201d.<\/span><\/em><\/p>\n<p class=\"MsoNormal\" style=\"text-align: justify;\"><span lang=\"ES\"> <\/span><\/p>\n<p class=\"MsoNormal\" style=\"text-align: justify;\"><span lang=\"ES\">A medida que los jinetes iban llegando a nuestra altura los ibamos examinando de arriba abajo. Ellos, en cambio, hac\u00edan como si no nos vieran por mucho que el conspicuo Ford azul nos delatara. Ven\u00edan al trote corto por la parte central del Malec\u00f3n. Galopar sobre la calzada habr\u00eda lastimado a sus espl\u00e9ndidas monturas. No se trataba de los peque\u00f1os pero aguerridos caballos antillanos sino de valios\u00edsimos ejemplares de raza \u00e1rabe o inglesa. Trujillo cabalgaba al frente de un compacto pelot\u00f3n de unos treinta caballistas. Iba por delante, pero no lo suficientemente alejado como para no poder recular y confundirse r\u00e1pidamente con ellos si menester fuere. Impresionaba verlo a lomos de su montura blanca, el rostro sin sonrisa y las gafas oscuras ocultando la direcci\u00f3n de la mirada, vestido con un traje de montar de impecable corte y resplandeciente albura, sombrero de hacendado en paja fina, altas botas marrones y pistola al cinto con balas vistas. Tras \u00e9l iban los subalternos y compadres, trajeados de igual guisa pero con refinamiento algo menor. Mi padre coment\u00f3 en voz baja: \u201c<em>Hijo, es un espect\u00e1culo de otra \u00e9poca. Es la belleza del Mal. F\u00edjate bien porque pasar\u00e1 mucho tiempo antes de que puedas contemplar algo tan decadente\u201d<\/em>. Se trataba, efectivamente, de un espect\u00e1culo irreal. Viendo la guapeza militar y la prestancia del dictador a caballo, resultaba dif\u00edcil creer que se tratase del mismo s\u00e1dico cobarde que mand\u00f3 matar a palos a las hermanas Mirabal y orden\u00f3 servir como cena la cabeza de su hijo a un padre encarcelado. No he vuelto a contemplar ninguna otra efigie ecuestre del demonio. Mas no me apresurar\u00eda a conclu\u00edr que el Pr\u00edncipe de las Tinieblas ya no existe o que renuncia a seducirnos. Pienso, mas bien, que es el mejor de los modistos. Alguien capaz de dise\u00f1ar y vender el disfraz adecuado para cada ocasi\u00f3n y \u00e9poca del a\u00f1o. Ese en cuyas lentejuelas, secretamente, nos so\u00f1amos. El que enga\u00f1a a todos salvo a nosotros mismos. <\/span><\/p>\n<p class=\"MsoNormal\" style=\"text-align: justify;\"><span lang=\"ES\"> <\/span><\/p>\n<p class=\"MsoNormal\" style=\"text-align: justify;\"><em><span lang=\"ES\">\u201cEn 1944 mi padre hab\u00eda sido transferido desde los temas de \u201ctrigo y alimentaci\u00f3n\u201d que gestionaba en el Auxilio Social a la Obra Sindical del Hogar, donde deb\u00eda colaborar en las obras de construcci\u00f3n y rehabilitaci\u00f3n de viviendas en barriadas desfavorecidas de Barcelona. El sector de la Vivienda, adem\u00e1s de ser un instrumento cr\u00edtico para el desarrollo econ\u00f3mico y social, es un campo muy din\u00e1mico de implementaci\u00f3n de pol\u00edticas gubernamentales donde la existencia de medios de financiaci\u00f3n, la posibilidad de actuar sobre el suelo decretando recalificaciones, permutas, expropiaciones, valoraciones, etc. y los procedimientos de adjudicaci\u00f3n<span> <\/span>de obras mediante contratas y subcontratas dejan muchos resquicios abiertos a la deshonestidad. En Catalu\u00f1a la Iglesia Cat\u00f3lica llev\u00f3 a cabo en la d\u00e9cada de los a\u00f1os 40 un meritorio esfuerzo colaborando con la Obra Sindical del Hogar para dotar de techo a los m\u00e1s necesitados. Pero tampoco pudieron evitar los desmanes cometidos por algunas personas situadas en puestos clave. Es, sin embargo, falso que los responsables de dicha Obra Sindical del Hogar hayan recurrido a cementos con al\u00famina para enriquecerse a\u00fan m\u00e1s, a sabiendas de que provocar\u00edan el derrumbe de edificios causando v\u00edctimas mortales. Se trata de una calumnia que tiene su origen en grupos de separatistas radicales. Fu\u00e9 la Francia de la d\u00e9cada de 1950, no la Espa\u00f1a de 1944, la descubridora y beneficiaria de los cementos aluminados, cuya virtud es fraguar con mayor rapidez que los tradicionales. La \u201caluminosis\u201d hace su aparici\u00f3n en Barcelona, cuando la iniciativa privada importa dichos cementos para comercializar, competitivamente, urbanizaciones de bajo presupuesto. Se ignoraba entonces que la al\u00famina, sobre todo en condiciones de humedad y temperatura mediterr\u00e1neas, ataca al acero de las estructuras, destruy\u00e9ndolo, y causando el desplome de los edificios. Mi padre, diez a\u00f1os antes de eso, denunci\u00f3 cuanto fraude pudo documentar en la Obra Sindical del Hogar. Las actividades delictivas iban desde adjudicaciones irregulares de viviendas a robos de diversa envergadura. Esta vez no s\u00f3lo no fueron tenidas en cuenta sus denuncias. Hab\u00eda algo m\u00e1s. Dentro de un amplio esquema que buscaba neutralizar a la Falange, se tom\u00f3 la decisi\u00f3n de apartar de los puestos oficiales decisorios a sus militantes m\u00e1s cr\u00edticos o ind\u00f3ciles. Desde los c\u00edrculos gubernamentales sugirieron a mi padre dos posibles destinos \u201cvoluntarios\u201d: el Archipi\u00e9lago Canario o el Sahara Espa\u00f1ol. Con el compromiso, eso s\u00ed, de no intentar volver a residir en la Espa\u00f1a peninsular. Puede que mi padre, que en el fondo era un rom\u00e1ntico y despreciaba a los pol\u00edticos profesionales, hubiese hallado la paz que necesitaba para escribir sus poemas en ese dorado exilio de volcanes o de arenas. Sin embargo un acontecimiento lo hab\u00eda marcado para siempre. Su mejor amigo de juventud cay\u00f3 mortalmente herido en el transcurso de una descubierta frente al duro barrio de La Arga\u00f1osa, en el Oviedo sitiado. Cuando pudo acercarse hasta \u00e9l lo encontr\u00f3 agonizante pero l\u00facido. Muri\u00f3 en sus brazos. Sus \u00faltimas palabras fueron: \u201cJos\u00e9 Mari, lo \u00fanico que siento al morir es que no voy a poder ver la Espa\u00f1a m\u00e1s justa que vosotros vais a construir\u201d. Venderse a una sinecura africana hubiera sido la peor traici\u00f3n a ese amigo muerto.<\/span><\/em><span lang=\"ES\"> <em>Fue entonces cuando mi progenitor lleg\u00f3 a la conclusi\u00f3n de que ni las islas atl\u00e1nticas ni los desiertos africanos eran, realmente, lo suyo. Tom\u00f3 el uniforme, el correaje y la pistola de reglamento y, en un gesto simb\u00f3lico los arroj\u00f3 al puerto de Barcelona y parti\u00f3 despu\u00e9s a un exilio del que jam\u00e1s regresar\u00eda\u201d.<\/em><\/span><\/p>\n<p class=\"MsoNormal\" style=\"text-align: justify;\"><em><span lang=\"ES\"> <\/span><\/em><\/p>\n<p class=\"MsoNormal\" style=\"text-align: justify;\"><span lang=\"ES\">Los caballistas giraron mec\u00e1nicamente en torno al obelisco del Parque Ramfis y retomaron el camino de Poniente, por donde fueron empeque\u00f1eci\u00e9ndose hasta desaparecer. La cabalgata hab\u00eda terminado. Los jinetes, prisioneros de su propia irrelevancia, parec\u00edan haberse esfumado. Tendr\u00eda que transcurrir casi un a\u00f1o para que comprendieran el verdadero sentido de aquel carrusel a ning\u00fan sitio. Ser\u00eda entonces cuando el General\u00edsimo Trujillo habr\u00eda de acudir, puntual y acicalado, a cabalgar en solitario con la muerte en ese mismo Malec\u00f3n, ahora desierto.<\/span><\/p>\n<p class=\"MsoNormal\" style=\"text-align: justify;\"><span lang=\"ES\"> <\/span><\/p>\n<p class=\"MsoNormal\" style=\"text-align: justify;\"><span lang=\"ES\">Mi padre y yo permanec\u00edamos sentados disfrutando de la noche. Sobre nosotros se alzaba una catedral de azabache en cuyas b\u00f3vedas iban completando nervaduras las estrellas fugaces. Por eso no me sorprendi\u00f3 aquella voz que parec\u00edan seguir los ritmos recurrentes del Caribe: \u201c<em>Hijo m\u00edo, lo que deseaba decirte es que nunca olvides que pudiendo haber sido el hijo de un millonario solamente eres el hijo de un hombre honrado<\/em>\u201d. Con estas palabras mi padre termin\u00f3 de edificar su Casa de la Palabra junto al mar. Y, no s\u00e9 si os lo expliqu\u00e9, pero la prueba de que tales lugares existen es el hecho de que los pensamientos que inspiran nunca lleguen a perderse. Antes bien, perviven y acaban hallando eco en otras voces que los llevar\u00e1n, como un evangelio, hasta los confines m\u00e1s remotos de la Tierra. <\/span><\/p>\n<p class=\"MsoNormal\" style=\"text-align: justify;\"><span lang=\"ES\"> <\/span><\/p>\n<p class=\"MsoNormal\" style=\"text-align: justify;\"><span lang=\"ES\"> <\/span><\/p>\n<p class=\"MsoNormal\" style=\"text-align: center;\" align=\"center\"><span lang=\"ES\">Jaime Colson-Pueyo<\/span><\/p>\n<p class=\"MsoNormal\" style=\"text-align: center;\" align=\"center\"><span lang=\"ES\">Moa\u00f1a (R\u00eda de Vigo)<\/span><\/p>\n<blockquote>\n<p class=\"MsoNormal\"><span style=\"font-family: Cambria;\" lang=\"ES\"> <\/span><\/p>\n<p class=\"MsoNormal\"><span lang=\"ES\"> <\/span><\/p>\n<\/blockquote>\n","protected":false},"excerpt":{"rendered":"<p>\u201cEsto s\u00f3lo hall\u00e9 de lo que escribi\u00f3 de edad de 20 a\u00f1os. Pas\u00f3 a la India Oriental, inclinado a ver m\u00e1s mundo que la estrecheza de la patria, donde, por necesidad, serv\u00eda con algo de marcial y belicoso ingenio. Perdi\u00f3se en \u00e9l el mejor de aquella edad\u2026\u201d (Lope de Vega \u2013sobre Pedro Medina Medinilla- en [&hellip;]<\/p>\n","protected":false},"author":1,"featured_media":0,"comment_status":"open","ping_status":"open","sticky":false,"template":"","format":"standard","meta":{"footnotes":""},"categories":[3],"tags":[],"class_list":["post-67","post","type-post","status-publish","format-standard","hentry","category-general"],"_links":{"self":[{"href":"https:\/\/www.opinioneslibres.es\/memoriasdeunexcentrico\/index.php?rest_route=\/wp\/v2\/posts\/67","targetHints":{"allow":["GET"]}}],"collection":[{"href":"https:\/\/www.opinioneslibres.es\/memoriasdeunexcentrico\/index.php?rest_route=\/wp\/v2\/posts"}],"about":[{"href":"https:\/\/www.opinioneslibres.es\/memoriasdeunexcentrico\/index.php?rest_route=\/wp\/v2\/types\/post"}],"author":[{"embeddable":true,"href":"https:\/\/www.opinioneslibres.es\/memoriasdeunexcentrico\/index.php?rest_route=\/wp\/v2\/users\/1"}],"replies":[{"embeddable":true,"href":"https:\/\/www.opinioneslibres.es\/memoriasdeunexcentrico\/index.php?rest_route=%2Fwp%2Fv2%2Fcomments&post=67"}],"version-history":[{"count":0,"href":"https:\/\/www.opinioneslibres.es\/memoriasdeunexcentrico\/index.php?rest_route=\/wp\/v2\/posts\/67\/revisions"}],"wp:attachment":[{"href":"https:\/\/www.opinioneslibres.es\/memoriasdeunexcentrico\/index.php?rest_route=%2Fwp%2Fv2%2Fmedia&parent=67"}],"wp:term":[{"taxonomy":"category","embeddable":true,"href":"https:\/\/www.opinioneslibres.es\/memoriasdeunexcentrico\/index.php?rest_route=%2Fwp%2Fv2%2Fcategories&post=67"},{"taxonomy":"post_tag","embeddable":true,"href":"https:\/\/www.opinioneslibres.es\/memoriasdeunexcentrico\/index.php?rest_route=%2Fwp%2Fv2%2Ftags&post=67"}],"curies":[{"name":"wp","href":"https:\/\/api.w.org\/{rel}","templated":true}]}}