{"id":12,"date":"2013-02-21T16:38:11","date_gmt":"2013-02-21T16:38:11","guid":{"rendered":"https:\/\/www.opinioneslibres.es\/sigfried\/?p=12"},"modified":"2013-02-25T09:39:23","modified_gmt":"2013-02-25T09:39:23","slug":"desde-el-antiguo-imperio","status":"publish","type":"post","link":"https:\/\/www.opinioneslibres.es\/sigfried\/?p=12","title":{"rendered":"Desde el antiguo imperio"},"content":{"rendered":"<p>Una de las cosas que siempre he llevado a rajatabla de las muchas que me ense\u00f1aron mis padres, es la de empezar por el principio, por la presentaci\u00f3n.<\/p>\n<p>Soy fulanito de tal y tengo tantos a\u00f1os. Desde hace casi 10 a\u00f1os vivo en Europa, en el centro de nuestro continente. Es verdad que he ido cambiando de emplazamiento, ll\u00e1mese lugar, ciudad o pa\u00eds; pero nunca me he salido del centro neur\u00e1lgico continental.<!--more--><\/p>\n<p>Hac\u00eda ya mucho tiempo, que sent\u00eda la necesidad de tener un lugar en donde pudiera escribir tranquilamente sobre m\u00ed, sobre lo que hago, lo que quiero, lo que opino y lo que detesto. Todo esto, unido a la sensaci\u00f3n de estar fuera de tu casa y fuera de tu pa\u00eds, provoca que las ganas de escribir se multipliquen por mil ya que adem\u00e1s de conseguir saciar mi egocentrismo literario, consigo que familiares y amigos puedan saber de m\u00ed con cierta frecuencia.<\/p>\n<p>No es mi intenci\u00f3n escribir sobre mi persona, ni hacer de estos art\u00edculos un diario personal, no lo necesito ni tampoco creo que a nadie le interese. Pero bien es cierto, que plasmando mi opini\u00f3n sobre el d\u00eda a d\u00eda informativo europeo y comentando las noticias que a m\u00ed m\u00e1s me interesan, me sorprenden o me desagradan; consigo de alguna forma comunicarme con los m\u00edos. O, \u00bfNo es lo que esperamos de una persona a la que denominamos cercana? Esperamos sus opiniones, sus an\u00e1lisis del d\u00eda a d\u00eda, sus entusiasmos, sus vivencias, sus cabreos, sus alegr\u00edas; b\u00e1sicamente sus comentarios. Y esta ventana que aqu\u00ed se me abre , va de esto mismo, de opiniones. As\u00ed que, vamos a ello.<\/p>\n<p>All\u00e1 donde vaya o haya ido,\u00a0 he sido siempre una persona que me he sentido profundamente espa\u00f1ola. Cuando digo profundamente espa\u00f1ola, me refiero a que siempre me ha gustado y he alardeado de nuestra cultura, me he sentido atra\u00eddo por nuestra gente, nuestro paisaje, nuestro siglo de oro, nuestra gastronom\u00eda, etc&#8230;<\/p>\n<p>Me gusta ser espa\u00f1ol, sobre todo cuando vives fuera, dices que vienes de Espa\u00f1a y la gente autom\u00e1ticamente cambia el gesto para regalarte una sonrisa. Espa\u00f1a vende, Espa\u00f1a gusta, Espa\u00f1a triunfa, le pese a quien le pese.<\/p>\n<p>Pero todo este sentimiento o percepci\u00f3n, esta muy lejos de ser nacionalista, m\u00e1s bien en las ant\u00edpodas del cualquier nacionalismo absurdo. Ese nacionalismo que promulga el \u00abnosotros somos diferentes\u00bb, pero que realmente lo que piensa y siente \u00a0es el \u00abnosotros somos mejores\u00bb. Ese nacionalismo que est\u00e1 tan de moda hoy en d\u00eda en Catalu\u00f1a que genera tanto odio a todo aquello que no comulgue con sus opiniones. \u00a1Se\u00f1ores!, nos har\u00edan un gran favor a todos si se pusieran a leer un poco de historia contempor\u00e1nea Europea y advirtieran que los nacionalismos no han tra\u00eddo nunca nada bueno, todo lo contrario, y est\u00e1 ah\u00ed, en nuestro pasado.<\/p>\n<p>Yo me siento Espa\u00f1ol porque he nacido, crecido y vivido en la piel de toro. Una persona crece a base de momentos y experiencias vividas, formando estas la personalidad del individuo. Con lo aprendido, seguimos aprendiendo, pero la g\u00e9nesis sigue aguantando todo nuevo conocimiento o al menos as\u00ed pensaba hasta hace bien poco.<\/p>\n<p>Tambi\u00e9n es verdad que la situaci\u00f3n actual de nuestro pa\u00eds no ha ayudado demasiado. Siempre se ha dicho que los toros se ven mejor desde la barrera, con m\u00e1s perspectiva. No s\u00e9 si mi perspectiva es la mejor o no, pero la imagen es mala de cojones. Y no me estoy refiriendo a la imagen que reflejamos a los dem\u00e1s pa\u00edses extranjeros, no, esa me importa mucho menos, que la imagen que yo veo, que a m\u00ed me importa y me angustia.<\/p>\n<p>Siempre me he considerado una persona optimista y en lo econ\u00f3mico he de decir que lo sigo siendo, pero ah\u00ed radica el problema que yo veo. La crisis econ\u00f3mica es dura y se est\u00e1 llevando a muchas personas por delante, pero la crisis de valores es lo que me destroza por dentro. Me duele, y me duele de verdad, porque esa no es la Espa\u00f1a donde yo crec\u00ed, yo viv\u00ed y yo past\u00e9.<\/p>\n<p>Quiz\u00e1s es que llevo paciendo mucho tiempo en prados lejanos. Quiz\u00e1s por esta raz\u00f3n me dedicar\u00e9 de aqu\u00ed en adelante a hablar de lo que pasa por aqu\u00ed, que de lo que pasa all\u00ed ya os ocup\u00e1is vosotros.<\/p>\n<p>&nbsp;<\/p>\n<p>&nbsp;<\/p>\n","protected":false},"excerpt":{"rendered":"<p>Una de las cosas que siempre he llevado a rajatabla de las muchas que me ense\u00f1aron mis padres, es la de empezar por el principio, por la presentaci\u00f3n. Soy fulanito de tal y tengo tantos a\u00f1os. Desde hace casi 10 a\u00f1os vivo en Europa, en el centro de nuestro continente. Es verdad que he ido [&#8230;]<\/p>\n","protected":false},"author":2,"featured_media":0,"comment_status":"open","ping_status":"closed","sticky":false,"template":"","format":"standard","meta":{"footnotes":""},"categories":[1],"tags":[],"class_list":["post-12","post","type-post","status-publish","format-standard","hentry","category-uncategorized"],"_links":{"self":[{"href":"https:\/\/www.opinioneslibres.es\/sigfried\/index.php?rest_route=\/wp\/v2\/posts\/12","targetHints":{"allow":["GET"]}}],"collection":[{"href":"https:\/\/www.opinioneslibres.es\/sigfried\/index.php?rest_route=\/wp\/v2\/posts"}],"about":[{"href":"https:\/\/www.opinioneslibres.es\/sigfried\/index.php?rest_route=\/wp\/v2\/types\/post"}],"author":[{"embeddable":true,"href":"https:\/\/www.opinioneslibres.es\/sigfried\/index.php?rest_route=\/wp\/v2\/users\/2"}],"replies":[{"embeddable":true,"href":"https:\/\/www.opinioneslibres.es\/sigfried\/index.php?rest_route=%2Fwp%2Fv2%2Fcomments&post=12"}],"version-history":[{"count":4,"href":"https:\/\/www.opinioneslibres.es\/sigfried\/index.php?rest_route=\/wp\/v2\/posts\/12\/revisions"}],"predecessor-version":[{"id":14,"href":"https:\/\/www.opinioneslibres.es\/sigfried\/index.php?rest_route=\/wp\/v2\/posts\/12\/revisions\/14"}],"wp:attachment":[{"href":"https:\/\/www.opinioneslibres.es\/sigfried\/index.php?rest_route=%2Fwp%2Fv2%2Fmedia&parent=12"}],"wp:term":[{"taxonomy":"category","embeddable":true,"href":"https:\/\/www.opinioneslibres.es\/sigfried\/index.php?rest_route=%2Fwp%2Fv2%2Fcategories&post=12"},{"taxonomy":"post_tag","embeddable":true,"href":"https:\/\/www.opinioneslibres.es\/sigfried\/index.php?rest_route=%2Fwp%2Fv2%2Ftags&post=12"}],"curies":[{"name":"wp","href":"https:\/\/api.w.org\/{rel}","templated":true}]}}