{"id":19,"date":"2013-03-07T11:03:45","date_gmt":"2013-03-07T11:03:45","guid":{"rendered":"https:\/\/www.opinioneslibres.es\/sigfried\/?p=19"},"modified":"2024-11-26T18:42:46","modified_gmt":"2024-11-26T18:42:46","slug":"responsabilidad-politica","status":"publish","type":"post","link":"https:\/\/www.opinioneslibres.es\/sigfried\/?p=19","title":{"rendered":"Responsabilidad pol\u00edtica"},"content":{"rendered":"<p>Hace exactamente un <a href=\"https:\/\/www.opinioneslibres.es\/sigfried\/?attachment_id=24\" rel=\"attachment wp-att-24\"><img loading=\"lazy\" decoding=\"async\" class=\"alignleft size-medium wp-image-24\" alt=\"image\" src=\"https:\/\/www.opinioneslibres.es\/sigfried\/wp-content\/uploads\/2013\/03\/image-300x168.jpg\" width=\"300\" height=\"168\" srcset=\"https:\/\/www.opinioneslibres.es\/sigfried\/wp-content\/uploads\/2013\/03\/image-300x168.jpg 300w, https:\/\/www.opinioneslibres.es\/sigfried\/wp-content\/uploads\/2013\/03\/image.jpg 640w\" sizes=\"auto, (max-width: 300px) 100vw, 300px\" \/><\/a>mes que la Ministra de ciencia y educaci\u00f3n alemana, la se\u00f1ora Annette Schavan dimiti\u00f3 de su cargo. Como noticia ya no vale nada. Vivimos en una sociedad en d\u00f3nde todo lo que acaeci\u00f3 antes de ayer ya no interesa.<\/p>\n<p>Como yo no resisto guardar lo que pienso al respecto, explico, para aquellos que en la vor\u00e1gine del d\u00eda a d\u00eda informativo se perdieron esta noticia, lo que sucedi\u00f3 un d\u00eda como hoy hace exactamente un mes.<\/p>\n<p>Annette Schavan, amiga personal de Angela Merkel y una de sus m\u00e1s estrechas colaboradoras, dimiti\u00f3 el d\u00eda 8 de febrero de 2013 de su cargo de Ministra de educaci\u00f3n y ciencia de la Rep\u00fablica Federal de Alemania. La ya exministra present\u00f3 su dimisi\u00f3n a su amiga de confianza despu\u00e9s de que la Universidad de D\u00fcsseldorf le retirase su t\u00edtulo de Doctorado por haber utilizado textos sin citar y por tanto incurriendo en plagio en su tesis doctoral defendida hace 33 a\u00f1os. Aunque ella decidi\u00f3 recurrir la decisi\u00f3n de la Universidad catalog\u00e1ndola de <b>\u201cinjusta\u201d,<\/b> determin\u00f3 por otro lado presentar su dimisi\u00f3n, porque seg\u00fan ella <b>\u201c el cargo no puede sufrir da\u00f1os\u201d.<\/b><\/p>\n<p>Recapitulando para aquellos que se hayan quedado patidifusos, con la boca abierta o simplemente hayan sentido una envidia abrumadora.<\/p>\n<p>La se\u00f1ora Schavan dimite como Ministra de Alemania porque la universidad donde estudi\u00f3 33 a\u00f1os atr\u00e1s, le retira su t\u00edtulo de Doctorado por un posible plagio, que est\u00e1 a\u00fan por determinar. Y la mujer dimite porque cree en la importancia de su cargo por encima de su persona. Eso se llama responsabilidad pol\u00edtica y nosotros y nuestros pol\u00edticos deber\u00edamos aprender algo de ello.<\/p>\n<p>Adem\u00e1s no es la primera vez que ocurre este situaci\u00f3n en un gobierno de Angela Merkel. En el 2011, el Ministro de defensa Karl Theodor zu Guttenberg se vio obligado a dimitir por la misma raz\u00f3n, a\u00fan siendo el Ministro mejor valorado del gobierno alem\u00e1n.<\/p>\n<p>Hace un par de d\u00edas que le\u00ed el \u00faltimo art\u00edculo de nuestro Austriaco en la Machina \u201cNada sale gratis\u201d. Pues haciendo referencia al t\u00edtulo, en Alemania no sale absolutamente nada gratis. El que la hace, la paga. Da igual que haya sido hace m\u00e1s de 30 a\u00f1os, la importancia del cargo no puede permitir ning\u00fan tipo de confusi\u00f3n o desorden. De hecho fue el presidente de las Asociaci\u00f3n de Estudios Superiores\u00a0 uno de los que inst\u00f3 hace un mes a la ministra a dimitir <b>\u201cLa credibilidad es fundamental<\/b>. <strong>S\u00f3lo podremos tener \u00e9xito a nivel internacional si se conf\u00eda en la validez d<\/strong><strong>e nuestros t\u00edtulos\u201d <\/strong>dijo. No puedo estar m\u00e1s de acuerdo con estas palabras.<\/p>\n<p>Estoy convencido que el lector sabe muy bien a d\u00f3nde me quiero dirigir. \u00a1Se\u00f1ores! \u00a1Qu\u00e9 envidia! Resulta hasta obscena la comparaci\u00f3n con nuestro pa\u00eds. S\u00ed, hombre, hablo del pa\u00eds d\u00f3nde nadie dimite, se acusa sin pruebas, se agarra uno lo m\u00e1ximo posible a la silla, el pa\u00eds donde vale todo, el de la corrupci\u00f3n, el de pol\u00edticos imputados que no se levantan de su asiento\u2026 Me da hasta verg\u00fcenza ajena empezar a comparar comportamientos pol\u00edticos. Por otra parte, quiz\u00e1s ser\u00eda dif\u00edcil, dado el n\u00famero de Doctorados en nuestros gobiernos. En eso, seguro que ganamos por goleada, no se puede plagiar una cosa que no se tiene.<\/p>\n","protected":false},"excerpt":{"rendered":"<p>Hace exactamente un mes que la Ministra de ciencia y educaci\u00f3n alemana, la se\u00f1ora Annette Schavan dimiti\u00f3 de su cargo. Como noticia ya no vale nada. Vivimos en una sociedad en d\u00f3nde todo lo que acaeci\u00f3 antes de ayer ya no interesa. Como yo no resisto guardar lo que pienso al respecto, explico, para aquellos [&#8230;]<\/p>\n","protected":false},"author":2,"featured_media":0,"comment_status":"open","ping_status":"closed","sticky":false,"template":"","format":"standard","meta":{"footnotes":""},"categories":[1],"tags":[],"class_list":["post-19","post","type-post","status-publish","format-standard","hentry","category-uncategorized"],"_links":{"self":[{"href":"https:\/\/www.opinioneslibres.es\/sigfried\/index.php?rest_route=\/wp\/v2\/posts\/19","targetHints":{"allow":["GET"]}}],"collection":[{"href":"https:\/\/www.opinioneslibres.es\/sigfried\/index.php?rest_route=\/wp\/v2\/posts"}],"about":[{"href":"https:\/\/www.opinioneslibres.es\/sigfried\/index.php?rest_route=\/wp\/v2\/types\/post"}],"author":[{"embeddable":true,"href":"https:\/\/www.opinioneslibres.es\/sigfried\/index.php?rest_route=\/wp\/v2\/users\/2"}],"replies":[{"embeddable":true,"href":"https:\/\/www.opinioneslibres.es\/sigfried\/index.php?rest_route=%2Fwp%2Fv2%2Fcomments&post=19"}],"version-history":[{"count":7,"href":"https:\/\/www.opinioneslibres.es\/sigfried\/index.php?rest_route=\/wp\/v2\/posts\/19\/revisions"}],"predecessor-version":[{"id":48,"href":"https:\/\/www.opinioneslibres.es\/sigfried\/index.php?rest_route=\/wp\/v2\/posts\/19\/revisions\/48"}],"wp:attachment":[{"href":"https:\/\/www.opinioneslibres.es\/sigfried\/index.php?rest_route=%2Fwp%2Fv2%2Fmedia&parent=19"}],"wp:term":[{"taxonomy":"category","embeddable":true,"href":"https:\/\/www.opinioneslibres.es\/sigfried\/index.php?rest_route=%2Fwp%2Fv2%2Fcategories&post=19"},{"taxonomy":"post_tag","embeddable":true,"href":"https:\/\/www.opinioneslibres.es\/sigfried\/index.php?rest_route=%2Fwp%2Fv2%2Ftags&post=19"}],"curies":[{"name":"wp","href":"https:\/\/api.w.org\/{rel}","templated":true}]}}