{"id":33,"date":"2013-04-12T10:56:31","date_gmt":"2013-04-12T10:56:31","guid":{"rendered":"https:\/\/www.opinioneslibres.es\/sigfried\/?p=33"},"modified":"2013-04-12T10:56:31","modified_gmt":"2013-04-12T10:56:31","slug":"menos-rumor-y-mas-rigor","status":"publish","type":"post","link":"https:\/\/www.opinioneslibres.es\/sigfried\/?p=33","title":{"rendered":"Menos rumor y m\u00e1s rigor"},"content":{"rendered":"<p>&nbsp;<\/p>\n<p><a href=\"https:\/\/www.opinioneslibres.es\/sigfried\/?attachment_id=35\" rel=\"attachment wp-att-35\"><img loading=\"lazy\" decoding=\"async\" class=\"alignleft size-medium wp-image-35\" alt=\"rumor6\" src=\"https:\/\/www.opinioneslibres.es\/sigfried\/wp-content\/uploads\/2013\/04\/rumor6-300x180.jpg\" width=\"300\" height=\"180\" srcset=\"https:\/\/www.opinioneslibres.es\/sigfried\/wp-content\/uploads\/2013\/04\/rumor6-300x180.jpg 300w, https:\/\/www.opinioneslibres.es\/sigfried\/wp-content\/uploads\/2013\/04\/rumor6.jpg 500w\" sizes=\"auto, (max-width: 300px) 100vw, 300px\" \/><\/a>Es curioso c\u00f3mo parece que s\u00f3lo interesan las malas noticias. S\u00e9 que es muy recurrente el decir que los telediarios s\u00f3lo hablan de dramas, de cat\u00e1strofes, crisis, cataclismos y dem\u00e1s; pero no es de los telediarios de lo que quiero hablaros hoy. Me interesan m\u00e1s las opiniones de las personas.<\/p>\n<p>En los \u00faltimos d\u00edas he o\u00eddo hablar a much\u00edsima gente de Chipre. Es normal, con la crisis que tenemos hoy en d\u00eda, cada acontecimiento que ocurre en la Europa de los 25 a nivel econ\u00f3mico es mirado y analizado con lupa, porque no tenemos que olvidar que nos estamos moviendo por fangos v\u00edrgenes a\u00fan sin pisar.<\/p>\n<p>Las preguntas que me hago son, \u00bfAlguien hab\u00eda hablado anteriormente de Chipre? Toda esa gente que se llena la boca hablando del sistema econ\u00f3mico chipriota, \u00bfSabe d\u00f3nde est\u00e1 exactamente Chipre? \u00bfQu\u00e9 idiomas se hablan en Chipre?. Y despu\u00e9s de hacerme estas preguntas me he seguido preguntando, \u00bfEs necesario que ocurra una cat\u00e1strofe para conocer un estado localizado en nuestro continente que adem\u00e1s forma parte de la misma Uni\u00f3n que nosotros formamos parte?<\/p>\n<p>No es que yo le tenga un especial cari\u00f1o a Chipre, pero s\u00ed que se lo tengo a otro peque\u00f1o pa\u00eds europeo llamado Eslovenia, que ha sido nombrado en gran n\u00famero de art\u00edculos en la prensa Espa\u00f1ola durante esta semana. Y he de decir que en muy pocas ocasiones rigurosamente.<\/p>\n<p>Pero as\u00ed somos, me dije a m\u00ed mismos, no entres al trapo. \u00bfPara qu\u00e9?<\/p>\n<p>Es verdad que el hecho de recibir varios emails, mensajes y llamadas pregunt\u00e1ndome acerca del \u201cgrav\u00edsimo\u201d problema econ\u00f3mico que se cierne sobre Eslovenia, me hizo plantearme seriamente el escribir un art\u00edculo sobre el antiguo estado federal yugoslavo. Pero no fue suficiente para sentarme a escribirlo.<\/p>\n<div id=\"attachment_34\" style=\"width: 310px\" class=\"wp-caption alignleft\"><a href=\"https:\/\/www.opinioneslibres.es\/sigfried\/?attachment_id=34\" rel=\"attachment wp-att-34\"><img loading=\"lazy\" decoding=\"async\" aria-describedby=\"caption-attachment-34\" class=\"size-medium wp-image-34 \" title=\"Lago de Bled, Eslovenia.\" alt=\"eslovenia\" src=\"https:\/\/www.opinioneslibres.es\/sigfried\/wp-content\/uploads\/2013\/04\/eslovenia-300x225.jpg\" width=\"300\" height=\"225\" srcset=\"https:\/\/www.opinioneslibres.es\/sigfried\/wp-content\/uploads\/2013\/04\/eslovenia-300x225.jpg 300w, https:\/\/www.opinioneslibres.es\/sigfried\/wp-content\/uploads\/2013\/04\/eslovenia.jpg 800w\" sizes=\"auto, (max-width: 300px) 100vw, 300px\" \/><\/a><p id=\"caption-attachment-34\" class=\"wp-caption-text\">Lago de Bled, Eslovenia.<\/p><\/div>\n<p>&nbsp;<\/p>\n<p>Eso s\u00ed, de repente, sin esperarlo, le\u00ed un art\u00edculo en uno de nuestros peri\u00f3dicos de tirada nacional cargado de afirmaciones gratuitas, sin pruebas contrastadas y entonces ya no pude m\u00e1s, me enfurec\u00ed.<\/p>\n<p>Me enfurec\u00ed de tal forma que ya me daba igual Chipre, Eslovenia, la crisis o el rescate; sino el rigor a la hora de escribir sobre una naci\u00f3n que no tienes ni idea de d\u00f3nde est\u00e1. Pero \u00bfC\u00f3mo se puede tener tanta desfachatez de comparar dos estados tan diferentes?<\/p>\n<p>Despu\u00e9s de mucho pensarlo, creo que ya s\u00e9 c\u00f3mo se hace.<\/p>\n<p>-Primero se coge el atlas y se mira d\u00f3nde est\u00e1 localizada Chipre, cuantos habitantes tiene y cu\u00e1l es su producto interior bruto.<\/p>\n<p>-El segundo paso es el de averiguar que pa\u00edses comunitarios presentan unos n\u00fameros parecidos.<\/p>\n<p>-El tercer paso nos lo deja en bandeja la crisis econ\u00f3mica europea ya que todos los pa\u00edses est\u00e1n transitando por una dura recesi\u00f3n econ\u00f3mica. Y aqu\u00ed lo tenemos, la siguiente gran damnificada va a ser Eslovenia.<\/p>\n<p>-El siguiente paso es irte a dormir con una tranquilidad y un sosiego propios de un ignorante funcional. \u00a1Qu\u00e9 trabajo de investigaci\u00f3n! Vamos a dejar que descanse el se\u00f1orito\/a, que en una de estas vas a explotar del esfuerzo.<\/p>\n<p>No voy a entrar a explicar las diferencias entre un pa\u00eds y otro, no me apetece ahora, quiz\u00e1s en otro art\u00edculo. Pero una cosa est\u00e1 clara, un poquito de rigor\u00a0 por favor. Porque yo me he sentido herido a la hora de leer dichos art\u00edculos escritos sin ninguna sensibilidad, al igual que me sent\u00eda herido al leer los art\u00edculos de la prensa internacional hablando de Espa\u00f1a agoreramente. Eso s\u00ed, algunos con mucho m\u00e1s rigor y mucho m\u00e1s tino.<\/p>\n<p>&nbsp;<\/p>\n","protected":false},"excerpt":{"rendered":"<p>&nbsp; Es curioso c\u00f3mo parece que s\u00f3lo interesan las malas noticias. S\u00e9 que es muy recurrente el decir que los telediarios s\u00f3lo hablan de dramas, de cat\u00e1strofes, crisis, cataclismos y dem\u00e1s; pero no es de los telediarios de lo que quiero hablaros hoy. Me interesan m\u00e1s las opiniones de las personas. En los \u00faltimos d\u00edas [&#8230;]<\/p>\n","protected":false},"author":2,"featured_media":0,"comment_status":"open","ping_status":"closed","sticky":false,"template":"","format":"standard","meta":{"footnotes":""},"categories":[1],"tags":[],"class_list":["post-33","post","type-post","status-publish","format-standard","hentry","category-uncategorized"],"_links":{"self":[{"href":"https:\/\/www.opinioneslibres.es\/sigfried\/index.php?rest_route=\/wp\/v2\/posts\/33","targetHints":{"allow":["GET"]}}],"collection":[{"href":"https:\/\/www.opinioneslibres.es\/sigfried\/index.php?rest_route=\/wp\/v2\/posts"}],"about":[{"href":"https:\/\/www.opinioneslibres.es\/sigfried\/index.php?rest_route=\/wp\/v2\/types\/post"}],"author":[{"embeddable":true,"href":"https:\/\/www.opinioneslibres.es\/sigfried\/index.php?rest_route=\/wp\/v2\/users\/2"}],"replies":[{"embeddable":true,"href":"https:\/\/www.opinioneslibres.es\/sigfried\/index.php?rest_route=%2Fwp%2Fv2%2Fcomments&post=33"}],"version-history":[{"count":2,"href":"https:\/\/www.opinioneslibres.es\/sigfried\/index.php?rest_route=\/wp\/v2\/posts\/33\/revisions"}],"predecessor-version":[{"id":37,"href":"https:\/\/www.opinioneslibres.es\/sigfried\/index.php?rest_route=\/wp\/v2\/posts\/33\/revisions\/37"}],"wp:attachment":[{"href":"https:\/\/www.opinioneslibres.es\/sigfried\/index.php?rest_route=%2Fwp%2Fv2%2Fmedia&parent=33"}],"wp:term":[{"taxonomy":"category","embeddable":true,"href":"https:\/\/www.opinioneslibres.es\/sigfried\/index.php?rest_route=%2Fwp%2Fv2%2Fcategories&post=33"},{"taxonomy":"post_tag","embeddable":true,"href":"https:\/\/www.opinioneslibres.es\/sigfried\/index.php?rest_route=%2Fwp%2Fv2%2Ftags&post=33"}],"curies":[{"name":"wp","href":"https:\/\/api.w.org\/{rel}","templated":true}]}}