{"id":113,"date":"2009-10-04T22:19:39","date_gmt":"2009-10-04T20:19:39","guid":{"rendered":"http:\/\/www.opinioneslibres.es\/unaustriacoenlamachina\/?p=113"},"modified":"2009-10-04T22:19:39","modified_gmt":"2009-10-04T20:19:39","slug":"asustado-estoy","status":"publish","type":"post","link":"https:\/\/www.opinioneslibres.es\/unaustriacoenlamachina\/asustado-estoy\/","title":{"rendered":"Asustado estoy"},"content":{"rendered":"<p>Soy miembro de la Casa de Europa,formo parte del grupo que la constituy\u00f3. Me gusta pertenecer a la Casa de Europa por v\u00e1rias razones,la primera\u00a0 porque se trata de una organizaci\u00f3n creada libremente,la segunda porque casi todos sus miembros son personas educadas que hacen muy f\u00e1cil y agradable la convivencia,mientras que la tercera es por la constante b\u00fasqueda de conocimiento, an\u00e1lisis y debate de todos los asuntos relacionados con el viejo continente , sus Instituciones y\u00a0 sus personas.<!--more--><\/p>\n<p>La Casa de Europa adem\u00e1s esta eficazmente dirigida por su Presidente Venancio Diego, que es un hombre bueno, y\u00a0 como producto de esta notable direcci\u00f3n por la Casa de Europa han desfilado v\u00e1rios Presidentes del Parlamento Europeo, Directores Comunitarios junto con Eurodiputados de distintos grupos o pa\u00edses, todos ellos convocados por nuestra organizaci\u00f3n, sometidos cual es nuestra costumbre a las preguntas,\u00a0 para el an\u00e1lisis y debate pertinente, sin cautelas, sin aprior\u00edsmos.<\/p>\n<p>Hace unos d\u00edas la Junta Directiva con Presidente al frente hemos visitado Brus\u00e9las y Br\u00fajas. En Brus\u00e9las volvimos al Parlamento Europeo siendo una de las organizaciones civiles que primero lo han visitado desde las \u00faltimas Elecciones. La reuni\u00f3n, el debate, fue muy interesante, teniendo muy presente todos lo que la Uni\u00f3n se jugaba ante el referend\u00fam a celebrar en Irlanda.<\/p>\n<p>Despu\u00e9s del Parlamento Europeo nos desplazamos a Br\u00fajas, la hermosa, la hist\u00f3rica ciudad medieval m\u00e1s importante, mejor conservada de Europa ,en donde el Colegio de Europa sigue siendo el centro de los l\u00edderes intelectuales europeos desde que en 1950 Hendrik Brugenans se convirti\u00f3 en el Primer Rector y\u00a0 como afortunadamente pudimos ver continua a la vanguardia.<\/p>\n<p>Que porque les cuento esto teniendo en cuenta que la cr\u00f3nica de viajes no\u00a0 es lo mio ni pretendo competir con el gato con botas&#8230;.pues por lo siguiente. Con el fin de evaluar la calidad y\u00a0 contenido de sus actividades el Servicio de Seminarios del Parlamento Europeo envia a los participantes en sus actividades un cuestionario de evaluaci\u00f3n junto con otro corr\u00e9o en donde figuran los nuevos datos de acceso a contenidos de su web.<\/p>\n<p>Y aqu\u00ed est\u00e1 la cuesti\u00f3n. El cuestionario era sencillo, de\u00a0f\u00e1cil aplicaci\u00f3n y m\u00e1s f\u00e1cil realizaci\u00f3n, mientras que las nuevas claves de acceso son de las que quedan instaladas a la primera.<\/p>\n<p>Pero no es solo esto, asustado estoy de la rapidez de respuesta en la confirmaci\u00f3n de los envios, tanto cuestionario como claves de acceso, en menos de una hora todo operativo y en marcha.<\/p>\n<p>Ser\u00e1 que empieza a tenerse en cuenta la cantinela con que algunos ( solo algunos) les venimos\u00a0machacando referida a eliminar burocracia y\u00a0 agilizar tr\u00e1mites en el seno de las Instituciones de la UE&#8230;..? asustado estoy.<\/p>\n","protected":false},"excerpt":{"rendered":"<p>Soy miembro de la Casa de Europa,formo parte del grupo que la constituy\u00f3. Me gusta pertenecer a la Casa de Europa por v\u00e1rias razones,la primera\u00a0 porque se trata de una organizaci\u00f3n creada libremente,la segunda porque casi todos sus miembros son &hellip; <a href=\"https:\/\/www.opinioneslibres.es\/unaustriacoenlamachina\/asustado-estoy\/\">Sigue leyendo <span class=\"meta-nav\">&rarr;<\/span><\/a><\/p>\n","protected":false},"author":2,"featured_media":0,"comment_status":"open","ping_status":"closed","sticky":false,"template":"","format":"standard","meta":{"footnotes":""},"categories":[3],"tags":[],"class_list":["post-113","post","type-post","status-publish","format-standard","hentry","category-general"],"_links":{"self":[{"href":"https:\/\/www.opinioneslibres.es\/unaustriacoenlamachina\/wp-json\/wp\/v2\/posts\/113","targetHints":{"allow":["GET"]}}],"collection":[{"href":"https:\/\/www.opinioneslibres.es\/unaustriacoenlamachina\/wp-json\/wp\/v2\/posts"}],"about":[{"href":"https:\/\/www.opinioneslibres.es\/unaustriacoenlamachina\/wp-json\/wp\/v2\/types\/post"}],"author":[{"embeddable":true,"href":"https:\/\/www.opinioneslibres.es\/unaustriacoenlamachina\/wp-json\/wp\/v2\/users\/2"}],"replies":[{"embeddable":true,"href":"https:\/\/www.opinioneslibres.es\/unaustriacoenlamachina\/wp-json\/wp\/v2\/comments?post=113"}],"version-history":[{"count":0,"href":"https:\/\/www.opinioneslibres.es\/unaustriacoenlamachina\/wp-json\/wp\/v2\/posts\/113\/revisions"}],"wp:attachment":[{"href":"https:\/\/www.opinioneslibres.es\/unaustriacoenlamachina\/wp-json\/wp\/v2\/media?parent=113"}],"wp:term":[{"taxonomy":"category","embeddable":true,"href":"https:\/\/www.opinioneslibres.es\/unaustriacoenlamachina\/wp-json\/wp\/v2\/categories?post=113"},{"taxonomy":"post_tag","embeddable":true,"href":"https:\/\/www.opinioneslibres.es\/unaustriacoenlamachina\/wp-json\/wp\/v2\/tags?post=113"}],"curies":[{"name":"wp","href":"https:\/\/api.w.org\/{rel}","templated":true}]}}