{"id":117,"date":"2009-10-10T15:54:39","date_gmt":"2009-10-10T13:54:39","guid":{"rendered":"http:\/\/www.opinioneslibres.es\/unaustriacoenlamachina\/?p=117"},"modified":"2009-10-10T15:54:39","modified_gmt":"2009-10-10T13:54:39","slug":"energica-defensa-de-pipicalzaslargas","status":"publish","type":"post","link":"https:\/\/www.opinioneslibres.es\/unaustriacoenlamachina\/energica-defensa-de-pipicalzaslargas\/","title":{"rendered":"En\u00e9rgica defensa de Pipicalzaslargas"},"content":{"rendered":"<p>P\u00fablicamente, a cara descubierta, sin ambajes, bajo mi \u00fanica responsabilidad quiero defender el prestigio,buen nombre e impoluta trayectoria de Pipi Calzaslargas. Denuncio aqu\u00ed tambi\u00e9n inequivocamente la marginaci\u00f3n a la que ha sido sometida,tratando de apagar la valent\u00eda de sus mensajes, cuando no, tratando de ocultar su limpio pensamiento progresista,solidario,ecolog\u00edsta,feminista.En definitiva, las fuerzas reaccionarias en contra de su talante.<\/p>\n<p>Para luchar contra estas fuerzas cavern\u00edcolas propongo que Pipi, la simpar Pipi Calzaslargas sea objeto de un merecido homenaje por los hombres y mujeres progresistas, por todos y todas que se sientan solidarios y solidarias; Pipi no puede quedarse sin el merecido homenaje que los\u00a0miembros y miembras de este Pa\u00eds le deben.<\/p>\n<p>Afortunadamente en estos tiempos de caverna existen organizaciones que no tienen complejos y premian el buen royito d\u00e1ndonos ejemplo. Aprendamos por lo tanto de los Nobel que en un alarde de rigor , sin asomo alguno de oportunismo o lameculismo entregan el Nobel a Obama, para que aprendamos ser buenos y buenas.<\/p>\n<p>En justa compensaci\u00f3n, desde el Estado Espa\u00f1ol se tiene que responder inmediatamente, demostrando que los ciudadanos y ciudadanas de este Pa\u00eds podemos ser tan solidarios y solidarias como son \u00a0los del Nobel\u00a0.<\/p>\n<p>Por lo tanto propongo que los miembros y miembras que otorgan los Premios Pr\u00edncipe de Asturias, en reuni\u00f3n urgente, extraordinaria y para que de una vez se visualice el acontecimiento interplanetario que la acreditada intelectual Leire profetiz\u00f3, otorguen a Pipi Calzaslargas el Premio Pr\u00edncipe de Asturias y adem\u00e1s nos prometan a los espa\u00f1oles y espa\u00f1olas que ser\u00e1n buenos y buenas entregando premios \u00fanicamente solidarios.<\/p>\n<p>De esta forma no solo repararemos la injusticia del olvido y marginaci\u00f3n conque los fasc\u00edstas tienen sometida a Pipi, sino que tambi\u00e9n seremos reconocidos por el mundo mundial que ver\u00e1 como el Estado Espa\u00f1ol esta formado en sus nacionalidades por hombres y mujeres solidarios y solidarias.<\/p>\n<p>Tambi\u00e9n pido que en este acto de entrega del Premio a Pipi Calzaslargas este presente Al Gore y que se el quien pronuncie la Laudatio.<\/p>\n","protected":false},"excerpt":{"rendered":"<p>P\u00fablicamente, a cara descubierta, sin ambajes, bajo mi \u00fanica responsabilidad quiero defender el prestigio,buen nombre e impoluta trayectoria de Pipi Calzaslargas. Denuncio aqu\u00ed tambi\u00e9n inequivocamente la marginaci\u00f3n a la que ha sido sometida,tratando de apagar la valent\u00eda de sus mensajes, &hellip; <a href=\"https:\/\/www.opinioneslibres.es\/unaustriacoenlamachina\/energica-defensa-de-pipicalzaslargas\/\">Sigue leyendo <span class=\"meta-nav\">&rarr;<\/span><\/a><\/p>\n","protected":false},"author":2,"featured_media":0,"comment_status":"open","ping_status":"closed","sticky":false,"template":"","format":"standard","meta":{"footnotes":""},"categories":[3],"tags":[],"class_list":["post-117","post","type-post","status-publish","format-standard","hentry","category-general"],"_links":{"self":[{"href":"https:\/\/www.opinioneslibres.es\/unaustriacoenlamachina\/wp-json\/wp\/v2\/posts\/117","targetHints":{"allow":["GET"]}}],"collection":[{"href":"https:\/\/www.opinioneslibres.es\/unaustriacoenlamachina\/wp-json\/wp\/v2\/posts"}],"about":[{"href":"https:\/\/www.opinioneslibres.es\/unaustriacoenlamachina\/wp-json\/wp\/v2\/types\/post"}],"author":[{"embeddable":true,"href":"https:\/\/www.opinioneslibres.es\/unaustriacoenlamachina\/wp-json\/wp\/v2\/users\/2"}],"replies":[{"embeddable":true,"href":"https:\/\/www.opinioneslibres.es\/unaustriacoenlamachina\/wp-json\/wp\/v2\/comments?post=117"}],"version-history":[{"count":0,"href":"https:\/\/www.opinioneslibres.es\/unaustriacoenlamachina\/wp-json\/wp\/v2\/posts\/117\/revisions"}],"wp:attachment":[{"href":"https:\/\/www.opinioneslibres.es\/unaustriacoenlamachina\/wp-json\/wp\/v2\/media?parent=117"}],"wp:term":[{"taxonomy":"category","embeddable":true,"href":"https:\/\/www.opinioneslibres.es\/unaustriacoenlamachina\/wp-json\/wp\/v2\/categories?post=117"},{"taxonomy":"post_tag","embeddable":true,"href":"https:\/\/www.opinioneslibres.es\/unaustriacoenlamachina\/wp-json\/wp\/v2\/tags?post=117"}],"curies":[{"name":"wp","href":"https:\/\/api.w.org\/{rel}","templated":true}]}}