{"id":120,"date":"2009-10-17T23:15:52","date_gmt":"2009-10-17T21:15:52","guid":{"rendered":"http:\/\/www.opinioneslibres.es\/unaustriacoenlamachina\/?p=120"},"modified":"2009-10-17T23:15:52","modified_gmt":"2009-10-17T21:15:52","slug":"quien-nos-guarda-del-guardian","status":"publish","type":"post","link":"https:\/\/www.opinioneslibres.es\/unaustriacoenlamachina\/quien-nos-guarda-del-guardian\/","title":{"rendered":"Qui\u00e9n nos guarda del guardi\u00e1n"},"content":{"rendered":"<p>Ante el poder pol\u00edtico los ciudadanos solo podemos hacer una cosa : Desconfiar.<\/p>\n<p>La democr\u00e1cia se sustenta \u00fanicamente si la separaci\u00f3n de poderes es real, no una mera declaraci\u00f3n ret\u00f3rica, y adem\u00e1s de este cl\u00e1sico referido al ejecutivo ,al legislativo y\u00a0 al judicial , est\u00e1n los organismos reguladores, que desde la independencia de actuaci\u00f3n , ajenos al poder pol\u00edtico, deben vigilar para que los ciudadanos no sean objeto del avasallamiento y desprecio que habitualmente les dispensan los poderes p\u00fablicos.<!--more--><\/p>\n<p>En Espa\u00f1a la invasi\u00f3n de los Partidos Pol\u00edticos ha venido entra\u00f1ando una constante degradaci\u00f3n del entramado del Estado, de la perdida cada vez mayor de la independencia de criterio en estos contrapesos que el propio Estado crea para que ejerza un te\u00f3rico papel moderador frente a su omn\u00edmodo poder.<\/p>\n<p>Pero cual es la realidad de todo esto&#8230;lo que nos encontramos son unos organismos cada vez m\u00e1s contaminados por los partidos, que cual pieza de caza les ocupan y les copan hasta impedir que cumplan las funciones que una bienintencionada normativa legal puso en funcionamiento.<\/p>\n<p>No pienso referirme al reparto del Consejo General\u00a0 del Pode Judicial , pero el nada ejemplar desguace de sus puestos ha dejado herida de muerte cualquier pretensi\u00f3n de independencia&#8230;.en nada.<\/p>\n<p>Velar por la libertad , la independencia, la equidad, la justicia&#8230;..acaso puede pensar un ciudadano no ciego , no mudo , no\u00a0 sordo, que este Fiscal General del Estado, el perfectamente descriptible Conde Pumpido\u00a0 tomar\u00e1 alguna decisi\u00f3n que incomode al Gobierno&#8230;.?<\/p>\n<p>Que decir de Defensa de la Competencia, organismo destinado a velar para que los ciudadanos no paguemos las acostumbradas conspiraciones contra\u00a0un mercado limpio y competitivo..acaso su Presidente Luis Berenguer Diputado tantos a\u00f1os del Partido en el Gobierno se enfrentar\u00e1 a ese mismo Partido que le ha designado para el puesto&#8230;&#8230;<\/p>\n<p>Y de la CNMV que decir. Que decir del organismo destinado a velar porque el dinero de las personas se vea alejado de turbulencias o juego sucio. Acaso piensa Uds. que el tiempo en que el acreditado en\u00f3logo Arenillas ocup\u00f3 la Vicepresidencia de la citada Comisi\u00f3n contradijo en alg\u00fan momento al Gobierno del que formaba parte su esposa&#8230;..<\/p>\n<p>En fin, cuanto decir. Cuanto decir de la Comisi\u00f3n de la Energ\u00eda presidida por la inefable Maite Costa, de la Comisi\u00f3n del Mercado de las Telecomunicaciones, del Consejo Econ\u00f3mico y Social&#8230;.<\/p>\n<p>Cuanto decir, decir que los ciudadanos estamos indefensos, que no podemos revolvernos ante este r\u00e9gimen de burocr\u00e1cia de asfixia que ha convertido el Estado de Derecho en lo que parece un irreversible Estado de Partidos.<\/p>\n","protected":false},"excerpt":{"rendered":"<p>Ante el poder pol\u00edtico los ciudadanos solo podemos hacer una cosa : Desconfiar. La democr\u00e1cia se sustenta \u00fanicamente si la separaci\u00f3n de poderes es real, no una mera declaraci\u00f3n ret\u00f3rica, y adem\u00e1s de este cl\u00e1sico referido al ejecutivo ,al legislativo &hellip; <a href=\"https:\/\/www.opinioneslibres.es\/unaustriacoenlamachina\/quien-nos-guarda-del-guardian\/\">Sigue leyendo <span class=\"meta-nav\">&rarr;<\/span><\/a><\/p>\n","protected":false},"author":2,"featured_media":0,"comment_status":"open","ping_status":"closed","sticky":false,"template":"","format":"standard","meta":{"footnotes":""},"categories":[3],"tags":[],"class_list":["post-120","post","type-post","status-publish","format-standard","hentry","category-general"],"_links":{"self":[{"href":"https:\/\/www.opinioneslibres.es\/unaustriacoenlamachina\/wp-json\/wp\/v2\/posts\/120","targetHints":{"allow":["GET"]}}],"collection":[{"href":"https:\/\/www.opinioneslibres.es\/unaustriacoenlamachina\/wp-json\/wp\/v2\/posts"}],"about":[{"href":"https:\/\/www.opinioneslibres.es\/unaustriacoenlamachina\/wp-json\/wp\/v2\/types\/post"}],"author":[{"embeddable":true,"href":"https:\/\/www.opinioneslibres.es\/unaustriacoenlamachina\/wp-json\/wp\/v2\/users\/2"}],"replies":[{"embeddable":true,"href":"https:\/\/www.opinioneslibres.es\/unaustriacoenlamachina\/wp-json\/wp\/v2\/comments?post=120"}],"version-history":[{"count":0,"href":"https:\/\/www.opinioneslibres.es\/unaustriacoenlamachina\/wp-json\/wp\/v2\/posts\/120\/revisions"}],"wp:attachment":[{"href":"https:\/\/www.opinioneslibres.es\/unaustriacoenlamachina\/wp-json\/wp\/v2\/media?parent=120"}],"wp:term":[{"taxonomy":"category","embeddable":true,"href":"https:\/\/www.opinioneslibres.es\/unaustriacoenlamachina\/wp-json\/wp\/v2\/categories?post=120"},{"taxonomy":"post_tag","embeddable":true,"href":"https:\/\/www.opinioneslibres.es\/unaustriacoenlamachina\/wp-json\/wp\/v2\/tags?post=120"}],"curies":[{"name":"wp","href":"https:\/\/api.w.org\/{rel}","templated":true}]}}