{"id":126,"date":"2009-10-31T16:14:16","date_gmt":"2009-10-31T14:14:16","guid":{"rendered":"http:\/\/www.opinioneslibres.es\/unaustriacoenlamachina\/?p=126"},"modified":"2009-10-31T16:14:16","modified_gmt":"2009-10-31T14:14:16","slug":"los-de-la-kultureta-quieren-que-les-quieran","status":"publish","type":"post","link":"https:\/\/www.opinioneslibres.es\/unaustriacoenlamachina\/los-de-la-kultureta-quieren-que-les-quieran\/","title":{"rendered":"Los de la Kultureta quieren que les quieran"},"content":{"rendered":"<p>Es incomodo manifestarse p\u00fablicamente sobre los atrabiliarios miembros de la tribu del pesebre kultural, siempre tan dispuestos, tan decididos, tan valientes, con tanto coraje c\u00edvico para reclamar subvenciones.No es comodo discrepar o dudar de los incontables m\u00e9ritos que atesoran estos cobrafantas de la kultureta, porque como son incapaces de ganarse la vida por medio de una obra que interese a las personas y\u00a0 en consecuencia se muestre dispuestos a pagar por ella, necesitan las subvenciones, es decir nuestro dinero, para seguir d\u00e1ndose la vida padre, por lo cual cualquiera de los sometidos al saqueo kultural que se muestre disidente , ser\u00e1 inmediatamente estigmatizado por estos bienechores de la humanidad.<!--more--><\/p>\n<p>Digo esto como consecuencia de la entrega el\u00a0 pasado 27 de Octubre en Santander de las medallas de las Bellas Artes. Sin entrar a valorar los hipot\u00e9ticos m\u00e9ritos de algunos de los chapeados, sin cuestionar la existencia de tales galardones o\u00a0 la legitimidad que puedan tener ambos, los galardones y los galardonados, sobre lo que me detendr\u00e9 es sobre el discurso, soflama o lo que sea del oce\u00e1nico interprete de Don Diablo, el del \u00abBeso Chiquit\u00edn\u00bb.<\/p>\n<p>El hom\u00e9rico interprete de Don Diablo fue encargado por el Komando de la Kultura para actuar como portavoz; en su intervenci\u00f3n nada nuevo, nada que no sea la cinta sinfin victimista que tan profusamente utilizan. Vean algunos pasajes de la intervenci\u00f3n del impagable Bos\u00e9 : \u00abSomos potenciadores, divulgadores y mejoradores de las bellas artes\u00bb para continuar diciendo \u00bb M\u00edmennos.Pedimos que no nos desamparen, que no nos dejen hu\u00e9rfanos\u00bb.<\/p>\n<p>Despu\u00e9s de estas y otras frases lacrim\u00f3genas, se lanza al cuello de los asistentes dejando claras sus intenciones y reclama \u00bb Amparo ,protecci\u00f3n y\u00a0 leyes y tambi\u00e9n complicidad fical\u00bb&#8230;&#8230;m\u00e1s cari\u00f1o&#8230;anda ya, lo que quieren es pasta, nuestra pasta, la que producimos los ciudadanos trabajando.<\/p>\n<p>Este discurso alimenticio que se marc\u00f3 Bos\u00e9 y\u00a0 que empieza a ser conocido como \u00abEl manifiesto de la Pasta\u00bb nos sit\u00faa ante una cruda realidad, la de estos comecaviar que se creen superiores\u00a0 al resto de mortales, que se creen superiores al tax\u00edsta, al comerciante, al fontanero , al inform\u00e1tico&#8230;..a todos los que en una Espa\u00f1a real nos levantamos todos los d\u00edas a trabajar, a vivir de nuestro esfuerzo con el leg\u00edtimo deseo de prosperar. Es a nosotros, a todos nosotros, a los que estos errabundos de la kultura quieren que nos quiten nuestro dinero, quieren que el Gobierno los mantenga con nuestros impuestos.<\/p>\n<p>Esta es la realidad y no otra, esto es lo que el int\u00e9rprete de Don Diablo ped\u00eda, nuestra pasta , en un acto que por otra parte me dej\u00f3 desolado al comprobar que Paquirrin no se encontraba presente en la entrega de la sin duda merecid\u00edsima medalla de las Bellas Artes a Francisco Rivera.<\/p>\n","protected":false},"excerpt":{"rendered":"<p>Es incomodo manifestarse p\u00fablicamente sobre los atrabiliarios miembros de la tribu del pesebre kultural, siempre tan dispuestos, tan decididos, tan valientes, con tanto coraje c\u00edvico para reclamar subvenciones.No es comodo discrepar o dudar de los incontables m\u00e9ritos que atesoran estos &hellip; <a href=\"https:\/\/www.opinioneslibres.es\/unaustriacoenlamachina\/los-de-la-kultureta-quieren-que-les-quieran\/\">Sigue leyendo <span class=\"meta-nav\">&rarr;<\/span><\/a><\/p>\n","protected":false},"author":2,"featured_media":0,"comment_status":"open","ping_status":"closed","sticky":false,"template":"","format":"standard","meta":{"footnotes":""},"categories":[3],"tags":[],"class_list":["post-126","post","type-post","status-publish","format-standard","hentry","category-general"],"_links":{"self":[{"href":"https:\/\/www.opinioneslibres.es\/unaustriacoenlamachina\/wp-json\/wp\/v2\/posts\/126","targetHints":{"allow":["GET"]}}],"collection":[{"href":"https:\/\/www.opinioneslibres.es\/unaustriacoenlamachina\/wp-json\/wp\/v2\/posts"}],"about":[{"href":"https:\/\/www.opinioneslibres.es\/unaustriacoenlamachina\/wp-json\/wp\/v2\/types\/post"}],"author":[{"embeddable":true,"href":"https:\/\/www.opinioneslibres.es\/unaustriacoenlamachina\/wp-json\/wp\/v2\/users\/2"}],"replies":[{"embeddable":true,"href":"https:\/\/www.opinioneslibres.es\/unaustriacoenlamachina\/wp-json\/wp\/v2\/comments?post=126"}],"version-history":[{"count":0,"href":"https:\/\/www.opinioneslibres.es\/unaustriacoenlamachina\/wp-json\/wp\/v2\/posts\/126\/revisions"}],"wp:attachment":[{"href":"https:\/\/www.opinioneslibres.es\/unaustriacoenlamachina\/wp-json\/wp\/v2\/media?parent=126"}],"wp:term":[{"taxonomy":"category","embeddable":true,"href":"https:\/\/www.opinioneslibres.es\/unaustriacoenlamachina\/wp-json\/wp\/v2\/categories?post=126"},{"taxonomy":"post_tag","embeddable":true,"href":"https:\/\/www.opinioneslibres.es\/unaustriacoenlamachina\/wp-json\/wp\/v2\/tags?post=126"}],"curies":[{"name":"wp","href":"https:\/\/api.w.org\/{rel}","templated":true}]}}