{"id":129,"date":"2009-11-07T16:44:37","date_gmt":"2009-11-07T14:44:37","guid":{"rendered":"http:\/\/www.opinioneslibres.es\/unaustriacoenlamachina\/?p=129"},"modified":"2009-11-07T16:44:37","modified_gmt":"2009-11-07T14:44:37","slug":"dominicos-y-jesuitas","status":"publish","type":"post","link":"https:\/\/www.opinioneslibres.es\/unaustriacoenlamachina\/dominicos-y-jesuitas\/","title":{"rendered":"Dominicos y Jesuitas"},"content":{"rendered":"<p>Los liberales espa\u00f1oles sabemos que el principio fue Salamanca. Es bajo este nombre \u00abEscuela de Salamanca\u00bb que un grupo de te\u00f3logos acometen una profunda reforma de los programas de dicha Universidad, se formulan novedosas teor\u00edas econ\u00f3micas y por encima de todo una firme adem\u00e1s de contundente defensa de la libertad individual, tal como hace el Dominico Domingo de Soto en su intervenci\u00f3n : Paro, Mendicidad y Trabajo.<!--more--><\/p>\n<p>Ellos fueron los primeros en formular la Teor\u00eda del Valor, La Teor\u00eda Cuantitat\u00edva o la Teor\u00eda de la Paridad del Poder Adquisitivo de la Moneda. Antes que nadie en 1598 el Jesuita Juan de Mariana dejo escrito lo siguiente : \u00bb El Principe no es el due\u00f1o de los dineros del subdito y que su acceso a ellos es limitado y condicionado, de modo que las extralimitaciones regias puedan llegar a la necesidad e incluso la <strong>obligaci\u00f3n del regicidio<\/strong>\u00bb ( emocionante).<\/p>\n<p>Tienen que transcurrir casi 200 a\u00f1os, Marzo de 1776, desde estas hermos\u00edsimas palabras para que un grande del pensamiento liberal Adam Smith, en su obra \u00bb Una investigaci\u00f3n sobre la naturaleza y\u00a0 las causas de la riqueza de las naciones\u00bb, escriba referido al gobierno : \u00bb Los subditos deben contribuir\u00a0 a su sostenimiento, el\u00a0 impuesto que cada individuo debe pagar debe ser cierto y no arbitrario\u00bb hermosas palabras tambi\u00e9n, aunque al contrario del Jesuita, el escoces no lleg\u00f3 a plantear lo del regicidio.<\/p>\n<p>Cien a\u00f1os despu\u00e9s de Smith y trescientos m\u00e1s tarde que el Jesuita, Carl Menger, el considerado iniciador de la Escuela Austriaca, se\u00f1ala en sus Principios de Econom\u00eda Pol\u00edtica \u00bb\u00a0 como los bienes se hallan sujetos a las leyes y la <strong>certidumbre<\/strong> con la cual estas deben tratarlos\u00bb.<\/p>\n<p>Ya en el siglo XX Friedrich Hayek en sus Principios de un Orden Social Liberal dejo escrito \u00bb la limitaci\u00f3n de los poderes del Gobierno deben tener presente las normas necesarias para recaudar los impuestos\u00bb.<\/p>\n<p>Son estos ,los viejos principios de la libertad frente al poder, los que continuan en el centro de un debate cuyo origen se remonta a los Dominicos y Jesuitas de la Escuela de Salamanca que cambiaron el sentido\u00a0 de la libertad individual imperante, la cual se encardina cl\u00e1ramente con la Escuela Austriaca, que nacida en aquella febril y dram\u00e1tica \u00e9poca de la\u00a0 Gran Viena impulsa id\u00e9as sociales y pol\u00edticas adem\u00e1s de econ\u00f3micas.<\/p>\n<p>En consecuencia que Ludwing von Mises, pensador original e influyente de esa \u00e9poca ,siga de plena actualidad es entre otras muchas m\u00e1s cosas porque fue capaz de escribir en 1938, en la Austria de aquellos a\u00f1os<!--more-->\u00a0lo siguiente : \u00bb El Estado es en esencia un aparato de compulsi\u00f3n y coerci\u00f3n.El rasgo caracter\u00edstico de sus actividades consiste en compeler al pueblo mediante la aplicaci\u00f3n o la amenaza de la fuerza , a portarse de manera distinta a la que quisiera\u00bb.<\/p>\n<p>Esta es la cuesti\u00f3n, esta sigue siendo la \u00fanica cuesti\u00f3n, la de la libertad individual, la esencia sobre la que ha gravitado siempre el pensamiento de los m\u00e1s grandes, que han se\u00f1alando la necesidad de no cejar nunca en el empe\u00f1o de la libertad frente a los gobiernos omnipotentes.<\/p>\n<p>Esperemos que este empe\u00f1o no nos conduzca a la playas de Velez-M\u00e1laga.<\/p>\n","protected":false},"excerpt":{"rendered":"<p>Los liberales espa\u00f1oles sabemos que el principio fue Salamanca. Es bajo este nombre \u00abEscuela de Salamanca\u00bb que un grupo de te\u00f3logos acometen una profunda reforma de los programas de dicha Universidad, se formulan novedosas teor\u00edas econ\u00f3micas y por encima de &hellip; <a href=\"https:\/\/www.opinioneslibres.es\/unaustriacoenlamachina\/dominicos-y-jesuitas\/\">Sigue leyendo <span class=\"meta-nav\">&rarr;<\/span><\/a><\/p>\n","protected":false},"author":2,"featured_media":0,"comment_status":"open","ping_status":"closed","sticky":false,"template":"","format":"standard","meta":{"footnotes":""},"categories":[3],"tags":[],"class_list":["post-129","post","type-post","status-publish","format-standard","hentry","category-general"],"_links":{"self":[{"href":"https:\/\/www.opinioneslibres.es\/unaustriacoenlamachina\/wp-json\/wp\/v2\/posts\/129","targetHints":{"allow":["GET"]}}],"collection":[{"href":"https:\/\/www.opinioneslibres.es\/unaustriacoenlamachina\/wp-json\/wp\/v2\/posts"}],"about":[{"href":"https:\/\/www.opinioneslibres.es\/unaustriacoenlamachina\/wp-json\/wp\/v2\/types\/post"}],"author":[{"embeddable":true,"href":"https:\/\/www.opinioneslibres.es\/unaustriacoenlamachina\/wp-json\/wp\/v2\/users\/2"}],"replies":[{"embeddable":true,"href":"https:\/\/www.opinioneslibres.es\/unaustriacoenlamachina\/wp-json\/wp\/v2\/comments?post=129"}],"version-history":[{"count":0,"href":"https:\/\/www.opinioneslibres.es\/unaustriacoenlamachina\/wp-json\/wp\/v2\/posts\/129\/revisions"}],"wp:attachment":[{"href":"https:\/\/www.opinioneslibres.es\/unaustriacoenlamachina\/wp-json\/wp\/v2\/media?parent=129"}],"wp:term":[{"taxonomy":"category","embeddable":true,"href":"https:\/\/www.opinioneslibres.es\/unaustriacoenlamachina\/wp-json\/wp\/v2\/categories?post=129"},{"taxonomy":"post_tag","embeddable":true,"href":"https:\/\/www.opinioneslibres.es\/unaustriacoenlamachina\/wp-json\/wp\/v2\/tags?post=129"}],"curies":[{"name":"wp","href":"https:\/\/api.w.org\/{rel}","templated":true}]}}