{"id":1668,"date":"2024-03-25T21:08:34","date_gmt":"2024-03-25T19:08:34","guid":{"rendered":"http:\/\/www.opinioneslibres.es\/unaustriacoenlamachina\/?p=1668"},"modified":"2024-03-25T21:08:34","modified_gmt":"2024-03-25T19:08:34","slug":"sera-por-escaleras","status":"publish","type":"post","link":"https:\/\/www.opinioneslibres.es\/unaustriacoenlamachina\/sera-por-escaleras\/","title":{"rendered":"Ser\u00e1 por escaleras &#8230;"},"content":{"rendered":"<p><a href=\"http:\/\/www.opinioneslibres.es\/unaustriacoenlamachina\/wp-content\/uploads\/2017\/01\/frente-maritimo-1.jpg\"><img loading=\"lazy\" decoding=\"async\" class=\"alignleft size-medium wp-image-992\" src=\"http:\/\/www.opinioneslibres.es\/unaustriacoenlamachina\/wp-content\/uploads\/2017\/01\/frente-maritimo-1-300x106.jpg\" alt=\"\" width=\"300\" height=\"106\" srcset=\"https:\/\/www.opinioneslibres.es\/unaustriacoenlamachina\/wp-content\/uploads\/2017\/01\/frente-maritimo-1-300x106.jpg 300w, https:\/\/www.opinioneslibres.es\/unaustriacoenlamachina\/wp-content\/uploads\/2017\/01\/frente-maritimo-1-768x270.jpg 768w, https:\/\/www.opinioneslibres.es\/unaustriacoenlamachina\/wp-content\/uploads\/2017\/01\/frente-maritimo-1-1024x360.jpg 1024w, https:\/\/www.opinioneslibres.es\/unaustriacoenlamachina\/wp-content\/uploads\/2017\/01\/frente-maritimo-1.jpg 1600w\" sizes=\"auto, (max-width: 300px) 100vw, 300px\" \/><\/a>Santander, que ha perdido m\u00e1s de cinco mil habitantes \u00a0en los \u00faltimos a\u00f1os y en donde adem\u00e1s su poblaci\u00f3n est\u00e1 envejeciendo con la baja \u00a0natalidad como principal causa, con una tasa de envejecimiento con elevado porcentaje, superior en quince puntos porcentuales a la tasa de juventud.<\/p>\n<p>No se pude obviar que ha sido muy conveniente e incluso necesario la instalaci\u00f3n de escaleras y rampas mec\u00e1nicas por diferentes zonas de la Ciudad en el eje norte \/ sur de la misma, dadas las caracter\u00edsticas orogr\u00e1ficas que tiene y la cantidad de personas mayores necesitadas de facilidades \u00a0para sus desplazamientos.<\/p>\n<p>Durante los \u00faltimos a\u00f1os se han instalado rampas y escaleras en diferentes zonas de Santander, que han ido desde el inicial funicular del Rio de la Pila y desde la calle Vargas a la calle Alta o desde Antonio Mendoza, Francisco Palazuelos o Lope de Vega hasta el Paseo del Alta, lo miso que desde Gurug\u00fa hasta Canalejas. Estas y algunas otras que est\u00e1n en funcionamiento ( si el servicio de mantenimiento las hace funcionar ) han sido actuaciones muy razonables pues palian en buena medida los problemas para desplazarse de un n\u00famero importante y creciente, de ciudadanos.<\/p>\n<p>De todas formas la tendencia ha creado \u00abel derecho\u00bb, no hay ahora asociaci\u00f3n vecinal aunque sea de ignota representaci\u00f3n o jefe de escalera que no reclame \u00absu derecho\u00bb, ante el menor desnivel, a tener la escalera mec\u00e1nica correspondiente, aunque tampoco el equipo de gobierno municipal necesita que le animen mucho con esto de la tracci\u00f3n mec\u00e1nica, en donde se est\u00e1n mostrando tan fundamentalistas como lo son en su irredenta persecuci\u00f3n del autom\u00f3vil, m\u00e1s propia del proselitismo con creencias radicales de la Agenda 20230. Ante, eso s\u00ed, la pasividad de los automovilistas y la m\u00e1s que sorprendente de los profesionales sector.<\/p>\n<p>Ejemplo de esta pulsi\u00f3n instaladora de rampas y escaleras la muestra el anuncio p\u00fablico para colocarlas entre Bajamar y Reina Victoria, espacio con dificultas de tr\u00e1nsito muy menores en comparaci\u00f3n con otras muchas zonas santanderinas, lo cual lleva a la muy razonables duda sobre el tipo de vecinos a los que se quiere agradar, pero de verdad, lo que intranquiliza no son \u00fanicamente estas superfluas escaleras, lo preocupante es el anuncio que se ha hecho para urbanizar Bajamar en el espacio comprendido entre el Dique de Gamazo y la Fen\u00f3meno, en donde vistos los antecedentes nos pueden instalar otra horterada como la perpetrada en la Plaza de Italia, o la amenaza que se cierne sobre uno de los \u00faltimos vestigios de la Machina santanderina, el espig\u00f3n de Puertochico, en donde adem\u00e1s de plantitas y bancos modelo Benidorm, presentaron un proyecto con el inevitable Okuda de colof\u00f3n.<\/p>\n<p>Parece que es mucho pedir a los ide\u00f3logos de semejantes boludeces que respeten el esp\u00edritu de los muelles de la Ciudad, aunque dados los comportamientos est\u00e1 visto que Santander no ha entrado en ellos por mucho que tengan responsabilidades en la Capital.<\/p>\n","protected":false},"excerpt":{"rendered":"<p>Santander, que ha perdido m\u00e1s de cinco mil habitantes \u00a0en los \u00faltimos a\u00f1os y en donde adem\u00e1s su poblaci\u00f3n est\u00e1 envejeciendo con la baja \u00a0natalidad como principal causa, con una tasa de envejecimiento con elevado porcentaje, superior en quince puntos &hellip; <a href=\"https:\/\/www.opinioneslibres.es\/unaustriacoenlamachina\/sera-por-escaleras\/\">Sigue leyendo <span class=\"meta-nav\">&rarr;<\/span><\/a><\/p>\n","protected":false},"author":2,"featured_media":0,"comment_status":"open","ping_status":"closed","sticky":false,"template":"","format":"standard","meta":{"footnotes":""},"categories":[3],"tags":[],"class_list":["post-1668","post","type-post","status-publish","format-standard","hentry","category-general"],"_links":{"self":[{"href":"https:\/\/www.opinioneslibres.es\/unaustriacoenlamachina\/wp-json\/wp\/v2\/posts\/1668","targetHints":{"allow":["GET"]}}],"collection":[{"href":"https:\/\/www.opinioneslibres.es\/unaustriacoenlamachina\/wp-json\/wp\/v2\/posts"}],"about":[{"href":"https:\/\/www.opinioneslibres.es\/unaustriacoenlamachina\/wp-json\/wp\/v2\/types\/post"}],"author":[{"embeddable":true,"href":"https:\/\/www.opinioneslibres.es\/unaustriacoenlamachina\/wp-json\/wp\/v2\/users\/2"}],"replies":[{"embeddable":true,"href":"https:\/\/www.opinioneslibres.es\/unaustriacoenlamachina\/wp-json\/wp\/v2\/comments?post=1668"}],"version-history":[{"count":1,"href":"https:\/\/www.opinioneslibres.es\/unaustriacoenlamachina\/wp-json\/wp\/v2\/posts\/1668\/revisions"}],"predecessor-version":[{"id":1669,"href":"https:\/\/www.opinioneslibres.es\/unaustriacoenlamachina\/wp-json\/wp\/v2\/posts\/1668\/revisions\/1669"}],"wp:attachment":[{"href":"https:\/\/www.opinioneslibres.es\/unaustriacoenlamachina\/wp-json\/wp\/v2\/media?parent=1668"}],"wp:term":[{"taxonomy":"category","embeddable":true,"href":"https:\/\/www.opinioneslibres.es\/unaustriacoenlamachina\/wp-json\/wp\/v2\/categories?post=1668"},{"taxonomy":"post_tag","embeddable":true,"href":"https:\/\/www.opinioneslibres.es\/unaustriacoenlamachina\/wp-json\/wp\/v2\/tags?post=1668"}],"curies":[{"name":"wp","href":"https:\/\/api.w.org\/{rel}","templated":true}]}}