{"id":1808,"date":"2025-11-22T19:27:48","date_gmt":"2025-11-22T17:27:48","guid":{"rendered":"https:\/\/www.opinioneslibres.es\/unaustriacoenlamachina\/?p=1808"},"modified":"2025-11-22T19:27:48","modified_gmt":"2025-11-22T17:27:48","slug":"estamos-indefensos","status":"publish","type":"post","link":"https:\/\/www.opinioneslibres.es\/unaustriacoenlamachina\/estamos-indefensos\/","title":{"rendered":"Estamos indefensos"},"content":{"rendered":"\n<p>Lo m\u00e1s valioso que tenemos las personas es la propia identidad, reducto \u00faltimo de nuestra libertad. Identidad que es el conjunto de gustos personales, h\u00e1bitos de consumo, comportamiento social, gastos dom\u00e9sticos, propiedades, tendencias humanitarias, creencias religiosas o posicionamiento pol\u00edtico. Un inmenso pi\u00e9lago que ofrece m\u00faltiples posibilidades de negocio a empresas y capacidad de influencia pol\u00edtica a gobiernos, convirti\u00e9ndose  por lo tanto en un nuevo \u00abEl Dorado\u00bb cuya explotaci\u00f3n facilitar\u00e1 la Inteligencia Artificial con unos modelos  de investigaci\u00f3n sobre la miner\u00eda de datos inimaginables hasta hace bien poco. <\/p>\n\n\n\n<p>En este tr\u00e1fico de datos las contrase\u00f1as son la informaci\u00f3n m\u00e1s demandada junto con la agregaci\u00f3n de otra serie de informaciones como puede ser un n\u00famero fiscal, un correo e incluso un rasgo f\u00edsico, es lo que permite recrear  identidades y elaborar perfiles ad-hoc para actuar hasta bancariamente, pero no son \u00fanicamente estos datos \u00abt\u00e9cnicos\u00bb los rasgos f\u00edsicos que permiten crear perfiles m\u00e1s realistas  alimentan sistemas de reconocimiento en procesos de verificaci\u00f3n digital que abre campos inmensos a la delincuencia privada con unos datos resultantes de escalofr\u00edo : Desde el a\u00f1o 2005 se han filtrado y manejado 58.000 millones de puntos de datos personales, lo que deja muy clara la magnitud del negocio que se traen entre manos, y no solo eso, lo que estar\u00e1n dispuestos a realizar los traficantes privados para que no se les escape, sobre todo sabiendo como saben lo que estos ciudadanos han tragado sin rechistar . <\/p>\n\n\n\n<p>Aparte de esto los gobiernos tienen una ingente cantidad de informaci\u00f3n nuestra, informaci\u00f3n que nos han arrebatado amparados en una legalidad que ellos mismos se han fabricado. Saben de nuestra salud, los medicamentos que podamos consumir, los ingresos que tenemos, nuestras propiedades, en donde vivimos, el agua que consumimos, los veh\u00edculos que utilizamos, nuestras cuentas bancarias, los ahorros &#8230; mientras que impotentes ante el Estado omnipotente desconocemos como ser\u00e1n utilizados y quienes ser\u00e1n los aparatichs que puedan hacerlo. De asustar. <\/p>\n\n\n\n<p>Como al Estado todo le parece poco para controlar al com\u00fan, ahora est\u00e1 en campa\u00f1a para que los ciudadanos no utilicemos el dinero en efectivo y sean los medios de pago, v\u00eda tarjetas, transferencias y dem\u00e1s, los que acaben imponi\u00e9ndose para de esta manera saber m\u00e1s a\u00fan de la gente y de paso convertir el dinero en meros apuntes contables sin necesidad alguna de respaldo real, con  lo cual ante la cancer\u00edgena deuda p\u00fablica que se padece puedan permitirse alguna \u00abholgura\u00bb. <\/p>\n\n\n\n<p>Otro que tambi\u00e9n anda en lo mismo es el Banco Central Europeo que est\u00e1 como loco por implantar el euro digital con la inefable Christine Lagarde como mu\u00f1idora, que ha fijado la  emisi\u00f3n del citado euro digital en el a\u00f1o 2029, fecha en donde pueden acabar definitivamente con nuestra capacidad de compra en efectivo y la privacidad de nuestras transacciones comerciales. Es decir, de nuevo lo mismo : asalto a nuestra intimidad personal para hacernos m\u00e1s vulnerables.  <\/p>\n\n\n\n<p>Ante esta realidad no se puede esconder la cabeza bajo el ala culpando a los dem\u00e1s, hay que decir claramente  que si nuestros datos son valiosos y otros los quieren la responsabilidad de protegerlos y cuidarlos es nuestra. No tomemos el asunto como cuesti\u00f3n menor de paranoicos, que no lo es, si en Espa\u00f1a hemos sido muy acomodaticios defendiendo nuestra libertad, es necesario que no los seamos  cuando como ahora hay que defender la privacidad individual frente al inmenso poder de utilizaci\u00f3n que puede dejarnos a la intemperie.   <\/p>\n\n\n\n<p><\/p>\n","protected":false},"excerpt":{"rendered":"<p>Lo m\u00e1s valioso que tenemos las personas es la propia identidad, reducto \u00faltimo de nuestra libertad. Identidad que es el conjunto de gustos personales, h\u00e1bitos de consumo, comportamiento social, gastos dom\u00e9sticos, propiedades, tendencias humanitarias, creencias religiosas o posicionamiento pol\u00edtico. Un &hellip; <a href=\"https:\/\/www.opinioneslibres.es\/unaustriacoenlamachina\/estamos-indefensos\/\">Sigue leyendo <span class=\"meta-nav\">&rarr;<\/span><\/a><\/p>\n","protected":false},"author":2,"featured_media":1054,"comment_status":"open","ping_status":"closed","sticky":false,"template":"","format":"standard","meta":{"footnotes":""},"categories":[3],"tags":[],"class_list":["post-1808","post","type-post","status-publish","format-standard","has-post-thumbnail","hentry","category-general"],"_links":{"self":[{"href":"https:\/\/www.opinioneslibres.es\/unaustriacoenlamachina\/wp-json\/wp\/v2\/posts\/1808","targetHints":{"allow":["GET"]}}],"collection":[{"href":"https:\/\/www.opinioneslibres.es\/unaustriacoenlamachina\/wp-json\/wp\/v2\/posts"}],"about":[{"href":"https:\/\/www.opinioneslibres.es\/unaustriacoenlamachina\/wp-json\/wp\/v2\/types\/post"}],"author":[{"embeddable":true,"href":"https:\/\/www.opinioneslibres.es\/unaustriacoenlamachina\/wp-json\/wp\/v2\/users\/2"}],"replies":[{"embeddable":true,"href":"https:\/\/www.opinioneslibres.es\/unaustriacoenlamachina\/wp-json\/wp\/v2\/comments?post=1808"}],"version-history":[{"count":1,"href":"https:\/\/www.opinioneslibres.es\/unaustriacoenlamachina\/wp-json\/wp\/v2\/posts\/1808\/revisions"}],"predecessor-version":[{"id":1809,"href":"https:\/\/www.opinioneslibres.es\/unaustriacoenlamachina\/wp-json\/wp\/v2\/posts\/1808\/revisions\/1809"}],"wp:featuredmedia":[{"embeddable":true,"href":"https:\/\/www.opinioneslibres.es\/unaustriacoenlamachina\/wp-json\/wp\/v2\/media\/1054"}],"wp:attachment":[{"href":"https:\/\/www.opinioneslibres.es\/unaustriacoenlamachina\/wp-json\/wp\/v2\/media?parent=1808"}],"wp:term":[{"taxonomy":"category","embeddable":true,"href":"https:\/\/www.opinioneslibres.es\/unaustriacoenlamachina\/wp-json\/wp\/v2\/categories?post=1808"},{"taxonomy":"post_tag","embeddable":true,"href":"https:\/\/www.opinioneslibres.es\/unaustriacoenlamachina\/wp-json\/wp\/v2\/tags?post=1808"}],"curies":[{"name":"wp","href":"https:\/\/api.w.org\/{rel}","templated":true}]}}