{"id":1821,"date":"2026-01-01T20:42:36","date_gmt":"2026-01-01T18:42:36","guid":{"rendered":"https:\/\/www.opinioneslibres.es\/unaustriacoenlamachina\/?p=1821"},"modified":"2026-01-01T22:38:16","modified_gmt":"2026-01-01T20:38:16","slug":"lo-que-nos-espera-en-2026","status":"publish","type":"post","link":"https:\/\/www.opinioneslibres.es\/unaustriacoenlamachina\/lo-que-nos-espera-en-2026\/","title":{"rendered":"Lo que nos espera en 2026"},"content":{"rendered":"\n<p>Durante 2025 las cosas en Espa\u00f1a han tenido su aquel, los hogares que han sido sufragados por el Ingreso M\u00ednimo Vital acercan a tres millones las personas que han necesitado ser subsidiadas, la inflaci\u00f3n  interanual aut\u00e9ntico impuesto a las clases medias y populares se encuentra en el list\u00f3n del tres por ciento, adem\u00e1s de los problemas de la vivienda que provocan con gran afici\u00f3n las AA.PP con sus impuestos y trabas para la construcci\u00f3n de las necesarias, mientras que los muy magros salarios  que se cobran en Espa\u00f1a y la inestabilidad en los trabajos son impedimentos insalvables para que los j\u00f3venes puedan iniciar proyectos de vida independientes del amparo familiar, aunque eso si, el Estado nunca pierde, en 2025 ha ingresado m\u00e1s de trescientos mil  millones de euros, ingresos que superan en m\u00e1s del diez por ciento la recaudaci\u00f3n del a\u00f1o anterior. <\/p>\n\n\n\n<p>Bueno, esto ya lo sabemos, queda ver lo que nos espera durante este 2026 qu\u00e9 iniciamos. Algunas previsiones que conocemos son las del Banco de Espa\u00f1a presidido por el ex Ministro de S\u00e1nchez Jos\u00e9 Luis Escriv\u00e1. Seg\u00fan la Entidad el PIB de Espa\u00f1a crecer\u00e1 el 2,2 % crecimiento este que es inferior al experimentado en 2025.<\/p>\n\n\n\n<p>Dejando aparte el dato macro por antonomasia, la cotidianidad que tienen ante si el com\u00fan soporta la vivienda como un problema cuasi estructural con previsiones de aumento de costes que pueden encarecer los alquileres por encima del cinco por ciento, aumento que ser\u00e1 superior si de comprar vivienda se trata, todo esto ocasionado por unas AA.PP que colmatan a impuestos e incertidumbre regulatoria  un sector de gran importancia  que afecta a much\u00edsimas empresas y personas. <\/p>\n\n\n\n<p>Los gastos diarios de la gente no se librar\u00e1n de subidas que la incompetencia administrativa provoca, puesto que las empresas comenzar\u00e1n a repercutir  en la facturaci\u00f3n de los usuarios el recargo \u00abanti apag\u00f3n\u00bb, ese que a\u00fan no sabemos oficialmente que lo provoc\u00f3, esto incrementar\u00e1 la factura de la luz, adem\u00e1s de otro aumento en la parte fija cuyas estimaciones le sit\u00faan en el entorno del nueve por ciento.  <\/p>\n\n\n\n<p>La ciudadan\u00eda que tiene el impertinente h\u00e1bito de comer todos los d\u00edas afrontar\u00e1 en este 2026 con subidas del precio de los alimentos no inferiores al cinco por ciento sobre los del a\u00f1o que ha finalizado, a\u00f1o que como consecuencia de la subida de productos tan b\u00e1sicos como los huevos, el aceite y las patatas, acabaron convirtiendo la tortilla en art\u00edculo de lujo. <\/p>\n\n\n\n<p>Como al Gobierno que ha tenido unos brutales ingresos con recaudaciones r\u00e9cord la cosa no debe parecerles suficiente, se ha lanzado a subir las cotizaciones sociales para este 2026 de modo que aumenta la base m\u00e1xima de cotizaci\u00f3n, tambi\u00e9n sube el \u00abmecanismo de equidad intergeneracional\u00bb que aumenta sobre el punto porcentual las bases de cotizaci\u00f3n, mientras que a los profesionales m\u00e1s competentes y demandados que evidentemente son los que m\u00e1s cobran, les meten un sablazo por medio de una sobre cotizaci\u00f3n a la que tienen los g\u00fcevos de llamar \u00abcuota de solidaridad\u00bb. Vamos, que ni Dick Turpin.<\/p>\n\n\n\n<p>As\u00ed que en estas estamos, continuaremos soportando esta camino de servidumbre al que nos somete el Estado, mientras que la mayor\u00eda permanece silente ante la avalancha impositiva y el agit-pro de los bien engrasados voceros gubernamentales que curiosamente callan como puertas ante el ins\u00f3lito caso entre los pa\u00edses de la Uni\u00f3n Europea que es Espa\u00f1a, que se encamina a su tercer a\u00f1o consecutivo sin Presupuestos Generales del Estado.<\/p>\n\n\n\n<p>Feliz 2026.  <\/p>\n","protected":false},"excerpt":{"rendered":"<p>Durante 2025 las cosas en Espa\u00f1a han tenido su aquel, los hogares que han sido sufragados por el Ingreso M\u00ednimo Vital acercan a tres millones las personas que han necesitado ser subsidiadas, la inflaci\u00f3n interanual aut\u00e9ntico impuesto a las clases &hellip; <a href=\"https:\/\/www.opinioneslibres.es\/unaustriacoenlamachina\/lo-que-nos-espera-en-2026\/\">Sigue leyendo <span class=\"meta-nav\">&rarr;<\/span><\/a><\/p>\n","protected":false},"author":2,"featured_media":1501,"comment_status":"open","ping_status":"closed","sticky":false,"template":"","format":"standard","meta":{"footnotes":""},"categories":[3],"tags":[],"class_list":["post-1821","post","type-post","status-publish","format-standard","has-post-thumbnail","hentry","category-general"],"_links":{"self":[{"href":"https:\/\/www.opinioneslibres.es\/unaustriacoenlamachina\/wp-json\/wp\/v2\/posts\/1821","targetHints":{"allow":["GET"]}}],"collection":[{"href":"https:\/\/www.opinioneslibres.es\/unaustriacoenlamachina\/wp-json\/wp\/v2\/posts"}],"about":[{"href":"https:\/\/www.opinioneslibres.es\/unaustriacoenlamachina\/wp-json\/wp\/v2\/types\/post"}],"author":[{"embeddable":true,"href":"https:\/\/www.opinioneslibres.es\/unaustriacoenlamachina\/wp-json\/wp\/v2\/users\/2"}],"replies":[{"embeddable":true,"href":"https:\/\/www.opinioneslibres.es\/unaustriacoenlamachina\/wp-json\/wp\/v2\/comments?post=1821"}],"version-history":[{"count":3,"href":"https:\/\/www.opinioneslibres.es\/unaustriacoenlamachina\/wp-json\/wp\/v2\/posts\/1821\/revisions"}],"predecessor-version":[{"id":1824,"href":"https:\/\/www.opinioneslibres.es\/unaustriacoenlamachina\/wp-json\/wp\/v2\/posts\/1821\/revisions\/1824"}],"wp:featuredmedia":[{"embeddable":true,"href":"https:\/\/www.opinioneslibres.es\/unaustriacoenlamachina\/wp-json\/wp\/v2\/media\/1501"}],"wp:attachment":[{"href":"https:\/\/www.opinioneslibres.es\/unaustriacoenlamachina\/wp-json\/wp\/v2\/media?parent=1821"}],"wp:term":[{"taxonomy":"category","embeddable":true,"href":"https:\/\/www.opinioneslibres.es\/unaustriacoenlamachina\/wp-json\/wp\/v2\/categories?post=1821"},{"taxonomy":"post_tag","embeddable":true,"href":"https:\/\/www.opinioneslibres.es\/unaustriacoenlamachina\/wp-json\/wp\/v2\/tags?post=1821"}],"curies":[{"name":"wp","href":"https:\/\/api.w.org\/{rel}","templated":true}]}}