{"id":43,"date":"2009-07-08T13:39:46","date_gmt":"2009-07-08T11:39:46","guid":{"rendered":"http:\/\/www.opinioneslibres.es\/unaustriacoenlamachina\/?p=43"},"modified":"2009-07-08T13:39:46","modified_gmt":"2009-07-08T11:39:46","slug":"que-paguen-de-una-vez","status":"publish","type":"post","link":"https:\/\/www.opinioneslibres.es\/unaustriacoenlamachina\/que-paguen-de-una-vez\/","title":{"rendered":"Que paguen de una vez"},"content":{"rendered":"<p>Aunque muchos no quieran enterarse ,la prosperidad , la riqueza , el desarrollo y el empleo de las Naciones lo crean los profesionales , los aut\u00f3nomos, las empresas. M\u00e1s\u00a0 las Pymes que las grandes.<\/p>\n<p>Al contrario que estos, las Administracciones P\u00fablicas, lo \u00fanico que hacen es estorbar, crear problemas, montar burocracia improductiva y cobrar a todo lo que se menea , que es\u00a0com\u00fanmente sabido que cada vez que una\u00a0 Administracci\u00f3n actua ocurren dos cosas : Disminuye nuestra libertad y nos cuesta m\u00e1s dinero.<!--more--><\/p>\n<p>El gasto p\u00fablico , uno de los componentes del PIB espa\u00f1ol supone un 20 % de este y alcanz\u00f3 los 210.000 millones de \u20ac. Menuda cifra verdad&#8230;esto consiste en gastar pasta , mucha pasta, la de los ciudadanos y la de las empresas.<\/p>\n<p>Para gastar esta mareante cifra de 210.000 millones de \u20ac\u00a0 las Administracciones P\u00fablicas encargan multitud de trabajos y servicios a todo tipo de empresas , a las que despu\u00e9s de encomendar estos trabajos se las paga mal , muy mal , tarde y mal&#8230;&#8230;veamos.<\/p>\n<p>Si Ud. peque\u00f1o o incluso mediano empresario es adjudicatario de alg\u00fan tipo de obra o servicio por parte de la Comunidad Aut\u00f3noma Andaluza , no se que decirle&#8230;.le felicito por aumentar su cartera de pedidos o\u00a0 le compadezco porque tardar\u00e1 en cobrar dicha adjudicaci\u00f3n 485 d\u00edas&#8230;d\u00edgame , que hago , felicitaci\u00f3n o p\u00e9same.<\/p>\n<p>Pero no se crean , esto no es un asunto privativo del Gobierno \u00a0Aut\u00f3nomo de Andaluc\u00eda , si Ud. tienen que lidiar con los cobros en Cantabria prep\u00e1rese para esperar 418 d\u00edas , o\u00a0 los 401 que tardan en pagar en Baleares. Podemos continuar se\u00f1alando los 275 d\u00edas de tardanza en Castilla &#8211; La Mancha o la demora que en Arag\u00f3n es de 250 d\u00edas.<\/p>\n<p>Bueno que\u00a0hacemos&#8230;.porque lo diab\u00f3lico es que adem\u00e1s de pagar tarde y mal , las Administracciones P\u00fablicas crean obligaciones tributarias a las empresas que contratan, pudiendose\u00a0\u00a0darse el caso de \u00a0que habiendo\u00a0 realizado\u00a0alg\u00fan trabajo para un Ministerio ,el IVA de esa factura emitida no\u00a0 se ha\u00a0 pagado por dicho Ministerio y sin embargo este se le ha cobrado a la empresa a la que contrata y no paga. Uf&#8230;que locura.<\/p>\n<p>Seguiremos protestando&#8230;&#8230;&#8230;..<\/p>\n<p><strong>Nota : <\/strong>El autor autoriza a todo aquel que quiera hacerlo incluidas las empresas de Press Clipping a reproducir este art\u00edculo ,con la condici\u00f3n de que se cite a <strong>opinioneslibres.es<\/strong> como sitio original de publicaci\u00f3n. Adem\u00e1s niega a FAPE o cualquiera otra entidad la autorizaci\u00f3n para cobrar por dichos contenidos.<\/p>\n","protected":false},"excerpt":{"rendered":"<p>Aunque muchos no quieran enterarse ,la prosperidad , la riqueza , el desarrollo y el empleo de las Naciones lo crean los profesionales , los aut\u00f3nomos, las empresas. M\u00e1s\u00a0 las Pymes que las grandes. Al contrario que estos, las Administracciones &hellip; <a href=\"https:\/\/www.opinioneslibres.es\/unaustriacoenlamachina\/que-paguen-de-una-vez\/\">Sigue leyendo <span class=\"meta-nav\">&rarr;<\/span><\/a><\/p>\n","protected":false},"author":2,"featured_media":0,"comment_status":"open","ping_status":"closed","sticky":false,"template":"","format":"standard","meta":{"footnotes":""},"categories":[3],"tags":[],"class_list":["post-43","post","type-post","status-publish","format-standard","hentry","category-general"],"_links":{"self":[{"href":"https:\/\/www.opinioneslibres.es\/unaustriacoenlamachina\/wp-json\/wp\/v2\/posts\/43","targetHints":{"allow":["GET"]}}],"collection":[{"href":"https:\/\/www.opinioneslibres.es\/unaustriacoenlamachina\/wp-json\/wp\/v2\/posts"}],"about":[{"href":"https:\/\/www.opinioneslibres.es\/unaustriacoenlamachina\/wp-json\/wp\/v2\/types\/post"}],"author":[{"embeddable":true,"href":"https:\/\/www.opinioneslibres.es\/unaustriacoenlamachina\/wp-json\/wp\/v2\/users\/2"}],"replies":[{"embeddable":true,"href":"https:\/\/www.opinioneslibres.es\/unaustriacoenlamachina\/wp-json\/wp\/v2\/comments?post=43"}],"version-history":[{"count":0,"href":"https:\/\/www.opinioneslibres.es\/unaustriacoenlamachina\/wp-json\/wp\/v2\/posts\/43\/revisions"}],"wp:attachment":[{"href":"https:\/\/www.opinioneslibres.es\/unaustriacoenlamachina\/wp-json\/wp\/v2\/media?parent=43"}],"wp:term":[{"taxonomy":"category","embeddable":true,"href":"https:\/\/www.opinioneslibres.es\/unaustriacoenlamachina\/wp-json\/wp\/v2\/categories?post=43"},{"taxonomy":"post_tag","embeddable":true,"href":"https:\/\/www.opinioneslibres.es\/unaustriacoenlamachina\/wp-json\/wp\/v2\/tags?post=43"}],"curies":[{"name":"wp","href":"https:\/\/api.w.org\/{rel}","templated":true}]}}