{"id":48,"date":"2009-07-15T19:07:37","date_gmt":"2009-07-15T17:07:37","guid":{"rendered":"http:\/\/www.opinioneslibres.es\/unaustriacoenlamachina\/?p=48"},"modified":"2009-07-15T19:07:37","modified_gmt":"2009-07-15T17:07:37","slug":"preguntascon-respuesta","status":"publish","type":"post","link":"https:\/\/www.opinioneslibres.es\/unaustriacoenlamachina\/preguntascon-respuesta\/","title":{"rendered":"Preguntas&#8230;.con respuesta&#8230;?"},"content":{"rendered":"<p style=\"TEXT-ALIGN: justify\">No es necesario ponerse a \u00a0explicar nada sobre esta crisis que azota a Espa\u00f1a\u00a0 a los seguidores de esta Revista Digital, seguro que disponen de amplia informaci\u00f3n sobre la misma.<!--more--><\/p>\n<p>Sin embargo por la calle es otra cosa, muchos oyentes del programa de la Cadena COPE \u00abEl Avispero de la Econom\u00eda\u00bb\u00a0 y tambi\u00e9n los seguidores de \u00abPlat\u00f3 Econom\u00eda\u00bb de Populat TV, me preguntan que cuando saldremos de esta cr\u00edsis, que si el agujero negro en el que nos encontramos es tan profundo que debemos perder toda esperanza de una recuperaci\u00f3n m\u00e1s o menos inmediata.<\/p>\n<p>En lugar de responder con fechas , culpando al \u00abempedrao\u00bb o mencionando el contexto internacional, planteo un principio. No existen mejores medidas para salir no de esta, de cualquier situaci\u00f3n de crisis, que\u00a0\u00a0las que una Naci\u00f3n puede aplicar con criterios responsables y decidida voluntad.<\/p>\n<p>Por lo tanto les propongo un ejercicio para que Uds. mismos respondan y puedan hacerse una id\u00e9a de cuando saldremos de esta profunda sima. Ah\u00ed las preguntas :<\/p>\n<p>Piensa que el Gobierno bajar\u00e1 los impuestos&#8230;?<\/p>\n<p>Piensa que el Gobierno disminuir\u00e1 el alocado gasto p\u00fablico&#8230;?<\/p>\n<p>Piensa que el Gobierno amortizar\u00e1 el n\u00famero de empleados p\u00fablicos&#8230;?<\/p>\n<p>Piensa que el Gobierno congelar\u00e1 los salarios de los empleados p\u00fablicos&#8230;?<\/p>\n<p>Piensa el Gobierno modernizar y flexibilizar el mercado laboral&#8230;?<\/p>\n<p>Piensa el Gobierno facilitar la creaci\u00f3n de empresas eliminando trabas burocr\u00e1ticas y los m\u00faltiples peajes existentes&#8230;?<\/p>\n<p>Piensa el Gobierno fomentar una ense\u00f1anza de calidad bajo principios de esfuerzo en los alumnos y respeto a los docentes intelectualmente honrados&#8230;?<\/p>\n<p>Piensa el Gobierno garantizar la innovaci\u00f3n y la investigaci\u00f3n acad\u00e9mica y empresarial&#8230;?<\/p>\n<p>Piensa el Gobierno afrontar un plan energ\u00e9tico realista , coherente, alejado de prejuicios ideol\u00f3gicos que evite el suicidio energ\u00e9tico al que se est\u00e1 condenando a Espa\u00f1a&#8230;?<\/p>\n<p>Piensa el Gobierno fomentar la competitividad econ\u00f3mico-empresarial abriendo los mercados , fomentando la competencia y eliminando torturas administrativas&#8230;?<\/p>\n<p>Piensa el Gobierno si merece la pena eliminar los 17 mercados interiores en que las Autonom\u00edas han convertido a Espa\u00f1a e igualarlo a la Uni\u00f3n Europea en mercados abiertos en lugar de caminar en la direcci\u00f3n contraria&#8230;?<\/p>\n<p>Si la respuesta a estas preguntas es no, ya saben cuando saldremos de la crisis.<\/p>\n<p><strong>Nota <\/strong>: El autor autoriza a todo aquel que quiera hacerlo incluidas las empresas de Press Clipping a reproducir este art\u00edculo, con la condici\u00f3n de que se cite <strong>opinoneslibres.es<\/strong> como sitio original de publicaci\u00f3n. Adem\u00e1s niega a FAPE o cualquiera otra entidad la autorizaci\u00f3n para cobrar por dichos contenidos.<\/p>\n","protected":false},"excerpt":{"rendered":"<p>No es necesario ponerse a \u00a0explicar nada sobre esta crisis que azota a Espa\u00f1a\u00a0 a los seguidores de esta Revista Digital, seguro que disponen de amplia informaci\u00f3n sobre la misma.<\/p>\n","protected":false},"author":2,"featured_media":0,"comment_status":"open","ping_status":"closed","sticky":false,"template":"","format":"standard","meta":{"footnotes":""},"categories":[3],"tags":[],"class_list":["post-48","post","type-post","status-publish","format-standard","hentry","category-general"],"_links":{"self":[{"href":"https:\/\/www.opinioneslibres.es\/unaustriacoenlamachina\/wp-json\/wp\/v2\/posts\/48","targetHints":{"allow":["GET"]}}],"collection":[{"href":"https:\/\/www.opinioneslibres.es\/unaustriacoenlamachina\/wp-json\/wp\/v2\/posts"}],"about":[{"href":"https:\/\/www.opinioneslibres.es\/unaustriacoenlamachina\/wp-json\/wp\/v2\/types\/post"}],"author":[{"embeddable":true,"href":"https:\/\/www.opinioneslibres.es\/unaustriacoenlamachina\/wp-json\/wp\/v2\/users\/2"}],"replies":[{"embeddable":true,"href":"https:\/\/www.opinioneslibres.es\/unaustriacoenlamachina\/wp-json\/wp\/v2\/comments?post=48"}],"version-history":[{"count":0,"href":"https:\/\/www.opinioneslibres.es\/unaustriacoenlamachina\/wp-json\/wp\/v2\/posts\/48\/revisions"}],"wp:attachment":[{"href":"https:\/\/www.opinioneslibres.es\/unaustriacoenlamachina\/wp-json\/wp\/v2\/media?parent=48"}],"wp:term":[{"taxonomy":"category","embeddable":true,"href":"https:\/\/www.opinioneslibres.es\/unaustriacoenlamachina\/wp-json\/wp\/v2\/categories?post=48"},{"taxonomy":"post_tag","embeddable":true,"href":"https:\/\/www.opinioneslibres.es\/unaustriacoenlamachina\/wp-json\/wp\/v2\/tags?post=48"}],"curies":[{"name":"wp","href":"https:\/\/api.w.org\/{rel}","templated":true}]}}