{"id":53,"date":"2009-07-20T16:00:43","date_gmt":"2009-07-20T14:00:43","guid":{"rendered":"http:\/\/www.opinioneslibres.es\/unaustriacoenlamachina\/?p=53"},"modified":"2009-07-20T16:00:43","modified_gmt":"2009-07-20T14:00:43","slug":"las-comparaciones-no-son-odiosas","status":"publish","type":"post","link":"https:\/\/www.opinioneslibres.es\/unaustriacoenlamachina\/las-comparaciones-no-son-odiosas\/","title":{"rendered":"Las comparaciones no son odiosas"},"content":{"rendered":"<p>Existen lugares com\u00fanes, frases hechas o puramente ret\u00f3ricas, que como recurso insustancial se utilizan para desacreditar o\u00a0 deslegitimar una propuesta o alg\u00fan tipo de actuaci\u00f3n.Una de las babosadas m\u00e1s extendidas, o como argumento, eso si espurio, es la que dice que las \u00abcomparaciones son odiosas\u00bb.Yo sostengo que las comparaciones de odiosas no tienen nada, permiten situar en perspectiva cualquier cuesti\u00f3n, el trabajo,la riqueza o la productividad, porque se es con respecto a algo.<!--more--><\/p>\n<p>Conocida es la situaci\u00f3n en donde dos personas que se encuentran en la calle, uno de ellos despu\u00e9s de los saludos de rigor le pregunta al otro : Que tal est\u00e1 tu esposa&#8230;.y este le responde : comparada\u00a0 con qui\u00e9n&#8230;<\/p>\n<p>Bueno, pues eso es lo que veremos ahora, como est\u00e1 nuestra esposa, es decir Espa\u00f1a, l\u00f3gicamente comparada con otras Naciones.<\/p>\n<p>Puestos a comparar como no vamos a comparar el gasto p\u00fablco que en una suicida carrera de las Autonom\u00edas supone el 60 % en Espa\u00f1a, mientras que en otros pa\u00edses de estructura federal la comparaci\u00f3n suscita aut\u00e9ntica envidia, sobre todo viendo como en Suiza este gasto se sit\u00faa en el 28 %, en Alemania es del 23%, mientras que en Austria alcanza el 16 %.<\/p>\n<p>Las comparaciones son tan esclarecedoras que nos permiten constatar como la carga fiscal real en Espa\u00f1a es mayor que la de los restantes pa\u00edses de la OCDE, siendo la media de Espa\u00f1a del 37,8 % mientras que en la OCDE es del 33%. As\u00ed compara que te compara, vemos como en Espa\u00f1a con un 30 % del impuesto de sociedades se paga m\u00e1s que en Gran Breta\u00f1a, Alemania, Holanda, Portugal,Italia, Grecia, Dinamarca ,Finlandia y una larga lista de pa\u00edses, comparaci\u00f3n que desde luego les parecer\u00e1 odiosa a los aparatich de Hacienda, pero que a los dem\u00e1s nos parece muy esclarecedora.<\/p>\n<p>Tambi\u00e9n podemos, debemos creo, comparar lo que pagamos los espa\u00f1oles en IRPF por tipo m\u00e1ximo. Oigan el 43%, nada mal eh&#8230;.igual que los suizos pero m\u00e1s que portugueses,irlandeses,noruegos,franceses,griegoss,brit\u00e1nicos,polacos y por supuesto m\u00e1s que los estadounidenses, que por el mismo concepto desembolsan ocho puntos porcentuales\u00a0menos que nosostros, es decir los espa\u00f1oles el 43% y los de USA el 35%.<\/p>\n<p>Y de paro que&#8230;&#8230; nos comparamos..?Ah\u00ed est\u00e1n los datos : En Espa\u00f1a la Tasa de Paro (maquillada ?)es del 19 %, frente al 8 &#8211; 9 % de Francia, Suecia, Grecia o Alemania. Al 7 % del Reino Unido, al 5% de Dinamarca, al 4 % de Austria o al 3% de Tasa de Paro que registra Holanda.<\/p>\n<p>Ante esta horripilante situaci\u00f3n del paro en nuestro Pa\u00eds, la perspectiva de futuro no tiene nada de esperanzadora si adem\u00e1s tomamos en consideraci\u00f3n un par de variables educativas. En Espa\u00f1a la tasa de abandono educat\u00edvo es del 31 %, y frente a esta cruda realidad vemos como en Alemania, Francia o B\u00e9gica la tasa de abandono educativo est\u00e1 en el entorno del 12%, por no hablar de Finlandia con el 7% o con Polonia que registra un envidiable 5%.<\/p>\n<p>Tambi\u00e9n podemos comparar la cualificaci\u00f3n profesional\u00a0media de la p\u00f3blaci\u00f3n activa que en Espa\u00f1a es del 23% frente al 50% que se registra de media en la Uni\u00f3n Europea, lo cual se explica perfectamente vista la tasa de abandono en la educaci\u00f3n.<\/p>\n<p>Como se puede decir que las comparaciones son odiosas per se. Estas comparaciones que acabamos de realizar sobre diferentes variables contribuyen a explicar que la situaci\u00f3n en Espa\u00f1a es la que es. Si los impuestos son confiscatorios, si el gasto p\u00fablico es irresponsable, si el paro es insoportable, si el abandono educativo es suicida y si la cualificaci\u00f3n profesional media est\u00e1 a niveles de Naci\u00f3n en v\u00edas de desarrollo a que demonios podemos aspirar en un mundo donde la innovaci\u00f3n, el valor a\u00f1adido y la productividad son indispensables para competir adecuadamente.<\/p>\n<p>Bueno pues ya nos hemos comparado y claro salimos malparados. Ser\u00e1 esta la raz\u00f3n por la que algunos dicen que las comparaciones son odiosas&#8230;.no ser\u00e1 que de lo que se trata es de ocultar la realidad.<\/p>\n<p><strong>Nota : <\/strong>El autor autoriza a todo aquel que quiera hacerlo incluidas las empresas de Press Clipping a reproducir este art\u00edculo, con la condici\u00f3n de que se cite a <strong>opinioneslibres.es <\/strong>como sitio original de publicaci\u00f3n. Adem\u00e1s niega a FAPE o cualquiera otra entidad la autorizaci\u00f3n para cobrar por dichos contenidos.<\/p>\n<p><!--more--><\/p>\n","protected":false},"excerpt":{"rendered":"<p>Existen lugares com\u00fanes, frases hechas o puramente ret\u00f3ricas, que como recurso insustancial se utilizan para desacreditar o\u00a0 deslegitimar una propuesta o alg\u00fan tipo de actuaci\u00f3n.Una de las babosadas m\u00e1s extendidas, o como argumento, eso si espurio, es la que dice &hellip; <a href=\"https:\/\/www.opinioneslibres.es\/unaustriacoenlamachina\/las-comparaciones-no-son-odiosas\/\">Sigue leyendo <span class=\"meta-nav\">&rarr;<\/span><\/a><\/p>\n","protected":false},"author":2,"featured_media":0,"comment_status":"open","ping_status":"closed","sticky":false,"template":"","format":"standard","meta":{"footnotes":""},"categories":[3],"tags":[],"class_list":["post-53","post","type-post","status-publish","format-standard","hentry","category-general"],"_links":{"self":[{"href":"https:\/\/www.opinioneslibres.es\/unaustriacoenlamachina\/wp-json\/wp\/v2\/posts\/53","targetHints":{"allow":["GET"]}}],"collection":[{"href":"https:\/\/www.opinioneslibres.es\/unaustriacoenlamachina\/wp-json\/wp\/v2\/posts"}],"about":[{"href":"https:\/\/www.opinioneslibres.es\/unaustriacoenlamachina\/wp-json\/wp\/v2\/types\/post"}],"author":[{"embeddable":true,"href":"https:\/\/www.opinioneslibres.es\/unaustriacoenlamachina\/wp-json\/wp\/v2\/users\/2"}],"replies":[{"embeddable":true,"href":"https:\/\/www.opinioneslibres.es\/unaustriacoenlamachina\/wp-json\/wp\/v2\/comments?post=53"}],"version-history":[{"count":0,"href":"https:\/\/www.opinioneslibres.es\/unaustriacoenlamachina\/wp-json\/wp\/v2\/posts\/53\/revisions"}],"wp:attachment":[{"href":"https:\/\/www.opinioneslibres.es\/unaustriacoenlamachina\/wp-json\/wp\/v2\/media?parent=53"}],"wp:term":[{"taxonomy":"category","embeddable":true,"href":"https:\/\/www.opinioneslibres.es\/unaustriacoenlamachina\/wp-json\/wp\/v2\/categories?post=53"},{"taxonomy":"post_tag","embeddable":true,"href":"https:\/\/www.opinioneslibres.es\/unaustriacoenlamachina\/wp-json\/wp\/v2\/tags?post=53"}],"curies":[{"name":"wp","href":"https:\/\/api.w.org\/{rel}","templated":true}]}}