{"id":63,"date":"2009-08-02T22:07:25","date_gmt":"2009-08-02T20:07:25","guid":{"rendered":"http:\/\/www.opinioneslibres.es\/unaustriacoenlamachina\/?p=63"},"modified":"2009-08-02T22:07:25","modified_gmt":"2009-08-02T20:07:25","slug":"la-nueva-prensa-del-movimiento","status":"publish","type":"post","link":"https:\/\/www.opinioneslibres.es\/unaustriacoenlamachina\/la-nueva-prensa-del-movimiento\/","title":{"rendered":"La nueva prensa del movimiento"},"content":{"rendered":"<p>En Espa\u00f1a el camino a una democracia que pueda ser considerada como tal est\u00e1 siendo muy largo. En algunos casos demasiado largo. La baja calidad institucional y la en muchos casos obscena cohabitaci\u00f3n de los diferentes poderes del Estado dificultan sobremanera que se pueda considerar que la democracia\u00a0 en Espa\u00f1a este\u00a0 plenamente desarrollada.<!--more--><\/p>\n<p>Una de las cuestiones que suscita sin ning\u00fan g\u00e9nero de dudas m\u00e1s reticencias sobre la calidad democr\u00e1tica espa\u00f1ola es la referida a los medios de comunicaci\u00f3n de titularidad p\u00fablica. ( en realidad de partido ).<\/p>\n<p>Pasados 34 a\u00f1os desde la muerte del dictador y 32 desde las Elecciones Generales Democr\u00e1ticas nos encontramos con la nueva Prensa del Movimiento , que cual Ave F\u00e9nix se ha transformado en televisiones auton\u00f3micas.<\/p>\n<p>La dictadura con el fin de realizar un control ideol\u00f3gico desde el poder , adem\u00e1s de la censura informativa, monto la llamada Prensa del Movimiento, con 30 diarios matutinos, 7 vespertinos, 5 hojas del Lunes, 8 revistas semanales y 7 mensuales, que componian la brigada de batalla en el campo ideol\u00f3gico, para transmitir los principios doctrinarios sobre los que se sustentaba la dictadura.<\/p>\n<p>Desde la democr\u00e1cia se entendi\u00f3 que los m\u00e9dios de comunicaci\u00f3n no ten\u00edan raz\u00f3n alguna para continuar existiendo bajo titularidad p\u00fablica, procediendo en consecuencia a su privatizaci\u00f3n o cierre.En algunos casos la privatizaci\u00f3n fu\u00e9 como un cuento de terror escrito por el primo de Luis Candelas.<\/p>\n<p>Que la libertad tiene como mayores obst\u00e1culo para desarrollarse a los Gobiernos no es nada nuevo, siendo la libertad de informaci\u00f3n qui\u00e9n sufre como ninguna otra esa tendencia del poder pol\u00edtico, que lo primero que hace es poner en marcha ese monstruo de gasto,agitaci\u00f3n y propaganda en que se han convertido las televisdiones auton\u00f3micas.<\/p>\n<p>Nos encontramos por lo tanto ante la rediviva prensa del movimiento transmutada en televisiones auton\u00f3micas, que para no variar, como toda decisi\u00f3n de gobierno, nos cuesta libertad y nos cuesta dinero.<\/p>\n<p>Que la deformaci\u00f3n, el control de la informaci\u00f3n y la transmisi\u00f3n de un modelo concreto de actuci\u00f3n pol\u00edtica son las pautas de actuaci\u00f3n de estas televisiones puestas al servicio de gobiernos\u00a0 aut\u00f3nomos que desconfian de la libertad ya lo sabemos, pero es que adem\u00e1s de esto a una familia en el Pa\u00eds Vasco le cuesta su telepropaganda 234 \u20ac al a\u00f1o. A una familia catalana este coste es de 220 \u20ac, mientras que en Arag\u00f3n o\u00a0 Andaluc\u00eda el coste familiar se sit\u00faa en los 180 y los 173 \u20ac respectivamente.<\/p>\n<p>Y as\u00ed todas, da igual de que Comunidad se trate, en Extremadura\u00a0\u00a0 a cada familia la broma pesada esta le supone 113\u20ac, o en Castilla-La Mancha donde su televisioncita auton\u00f3mica tiene una carga de 172 \u20ac por familia. Que pasa aqu\u00ed, no tienen los gobiernos auton\u00f3micos nada mejor para\u00a0 gastar el dinero de la gente&#8230;..porqu\u00e9 diablos no est\u00e1n cerrados estos\u00a0diab\u00f3licos aparatos de propaganda&#8230;..<\/p>\n<p><strong>Nota\u00a0<\/strong>:\u00a0El autor autoriza a\u00a0todo aquel que quiera hacerlo incluidas las empresas de Press Clipping a reproducir este art\u00edculo, con la condici\u00f3n de que se cite\u00a0 a opinioneslibres.es como sitio original de publicaci\u00f3n. Adem\u00e1s niega a FAPE o cualquiera otra entidad la autorizaci\u00f3n para cobrar por dichos contenidos.<\/p>\n","protected":false},"excerpt":{"rendered":"<p>En Espa\u00f1a el camino a una democracia que pueda ser considerada como tal est\u00e1 siendo muy largo. En algunos casos demasiado largo. La baja calidad institucional y la en muchos casos obscena cohabitaci\u00f3n de los diferentes poderes del Estado dificultan &hellip; <a href=\"https:\/\/www.opinioneslibres.es\/unaustriacoenlamachina\/la-nueva-prensa-del-movimiento\/\">Sigue leyendo <span class=\"meta-nav\">&rarr;<\/span><\/a><\/p>\n","protected":false},"author":2,"featured_media":0,"comment_status":"open","ping_status":"closed","sticky":false,"template":"","format":"standard","meta":{"footnotes":""},"categories":[3],"tags":[],"class_list":["post-63","post","type-post","status-publish","format-standard","hentry","category-general"],"_links":{"self":[{"href":"https:\/\/www.opinioneslibres.es\/unaustriacoenlamachina\/wp-json\/wp\/v2\/posts\/63","targetHints":{"allow":["GET"]}}],"collection":[{"href":"https:\/\/www.opinioneslibres.es\/unaustriacoenlamachina\/wp-json\/wp\/v2\/posts"}],"about":[{"href":"https:\/\/www.opinioneslibres.es\/unaustriacoenlamachina\/wp-json\/wp\/v2\/types\/post"}],"author":[{"embeddable":true,"href":"https:\/\/www.opinioneslibres.es\/unaustriacoenlamachina\/wp-json\/wp\/v2\/users\/2"}],"replies":[{"embeddable":true,"href":"https:\/\/www.opinioneslibres.es\/unaustriacoenlamachina\/wp-json\/wp\/v2\/comments?post=63"}],"version-history":[{"count":0,"href":"https:\/\/www.opinioneslibres.es\/unaustriacoenlamachina\/wp-json\/wp\/v2\/posts\/63\/revisions"}],"wp:attachment":[{"href":"https:\/\/www.opinioneslibres.es\/unaustriacoenlamachina\/wp-json\/wp\/v2\/media?parent=63"}],"wp:term":[{"taxonomy":"category","embeddable":true,"href":"https:\/\/www.opinioneslibres.es\/unaustriacoenlamachina\/wp-json\/wp\/v2\/categories?post=63"},{"taxonomy":"post_tag","embeddable":true,"href":"https:\/\/www.opinioneslibres.es\/unaustriacoenlamachina\/wp-json\/wp\/v2\/tags?post=63"}],"curies":[{"name":"wp","href":"https:\/\/api.w.org\/{rel}","templated":true}]}}