{"id":65,"date":"2009-08-08T20:18:18","date_gmt":"2009-08-08T18:18:18","guid":{"rendered":"http:\/\/www.opinioneslibres.es\/unaustriacoenlamachina\/?p=65"},"modified":"2009-08-08T20:18:18","modified_gmt":"2009-08-08T18:18:18","slug":"he-tenido-un-sueno","status":"publish","type":"post","link":"https:\/\/www.opinioneslibres.es\/unaustriacoenlamachina\/he-tenido-un-sueno\/","title":{"rendered":"He tenido un sue\u00f1o"},"content":{"rendered":"<p>La acci\u00f3n humana, que escribi\u00f3 Mises en su monumental obra del mismo t\u00edtulo, se sustenta b\u00e1sicamente en las creencias de los individuos puestas en pr\u00e1ctica.Tambi\u00e9n est\u00e1n los sue\u00f1os,lo que alcanzamos a desear,que no se realiza pero que anhelamos persistentemente.<!--more-->\u00a0Yo he tenido un sue\u00f1o.He so\u00f1ado que en la Capital de Espa\u00f1a estaba convocada una Rueda de Prensa en donde los responsables de las Agencias, Sociedades,Corporaciones y Empresas P\u00fablicas Estatales, informarian a la op\u00ecni\u00f3n p\u00fablica espa\u00f1ola que su funci\u00f3n,la actividad que llevan a cabo es superflua, que no aporta absolutamente nada en lo intelectual, en lo cient\u00edfico o en lo material, que consecuentemente esas empresas , agencias o sociedades son perfectamente prescindibles y\u00a0 que debian ser cerradas.<\/p>\n<p>Quienes asi se manifestaban en mi sue\u00f1o eran los jerifaltes de la Secretar\u00eda de Estado de Cooperaci\u00f3n, que estaba junto al de la Agencia de Cooperaci\u00f3n y precedidos por el responsable del Departamento de Comunicaci\u00f3n Social, que se encontraba junto al jefazo de la Oficina de Comunicaci\u00f3n Social, aposentado a la vera de otro jefazo de la Oficina de Relaciones Sociales y Comunicaci\u00f3n, todos ellos del Ej\u00e9rcito y\u00a0 con la compa\u00f1\u00eda del responsable de la Oficina de Comunicaci\u00f3n P\u00fablica de la Unidad Militar de Emergencias.<\/p>\n<p>En mi sue\u00f1o asentian muy serios ellos, la Secretaria de Estado de Comunicaci\u00f3n, La Directora General de Coordinaci\u00f3n Informat\u00edva, el Director de Informaci\u00f3n Nacion\u00e1l e incluso el Director de Informaci\u00f3n Internacional. Todos estaban de acuerdo, hab\u00edan decidido que ten\u00edan que agobiar menos a los ciudadanos, que ya los hab\u00edan molestado suficiente y\u00a0 que llegado era el momento de dejar en paz a la gente, poner menos normas y\u00a0 quitarles menos dinero.<\/p>\n<p>Al final mi sue\u00f1o fue incluso delirante. So\u00f1e que el Jefe de la Empresa P\u00fablica Circuitos de Catalu\u00f1a declaraba que no es funci\u00f3n de las Administracciones P\u00fablicas organizar carreras de coches. Demonios que sue\u00f1o.<\/p>\n<p>\u00a0<\/p>\n<p><strong>Nota : <\/strong>El autor autoriza a todo aquel que quiera hacerlo incluidas las empresas de Press Clipping a reproducir este art\u00edculo,con la condici\u00f3n de que se cite a opinioneslibres.es como sitio original de publicaci\u00f3n. Adem\u00e1s niega a FAPE o cualquiera otra entidad la autorizaci\u00f3n a cobrar por dichos contenidos.<\/p>\n","protected":false},"excerpt":{"rendered":"<p>La acci\u00f3n humana, que escribi\u00f3 Mises en su monumental obra del mismo t\u00edtulo, se sustenta b\u00e1sicamente en las creencias de los individuos puestas en pr\u00e1ctica.Tambi\u00e9n est\u00e1n los sue\u00f1os,lo que alcanzamos a desear,que no se realiza pero que anhelamos persistentemente.<\/p>\n","protected":false},"author":2,"featured_media":0,"comment_status":"open","ping_status":"closed","sticky":false,"template":"","format":"standard","meta":{"footnotes":""},"categories":[3],"tags":[],"class_list":["post-65","post","type-post","status-publish","format-standard","hentry","category-general"],"_links":{"self":[{"href":"https:\/\/www.opinioneslibres.es\/unaustriacoenlamachina\/wp-json\/wp\/v2\/posts\/65","targetHints":{"allow":["GET"]}}],"collection":[{"href":"https:\/\/www.opinioneslibres.es\/unaustriacoenlamachina\/wp-json\/wp\/v2\/posts"}],"about":[{"href":"https:\/\/www.opinioneslibres.es\/unaustriacoenlamachina\/wp-json\/wp\/v2\/types\/post"}],"author":[{"embeddable":true,"href":"https:\/\/www.opinioneslibres.es\/unaustriacoenlamachina\/wp-json\/wp\/v2\/users\/2"}],"replies":[{"embeddable":true,"href":"https:\/\/www.opinioneslibres.es\/unaustriacoenlamachina\/wp-json\/wp\/v2\/comments?post=65"}],"version-history":[{"count":0,"href":"https:\/\/www.opinioneslibres.es\/unaustriacoenlamachina\/wp-json\/wp\/v2\/posts\/65\/revisions"}],"wp:attachment":[{"href":"https:\/\/www.opinioneslibres.es\/unaustriacoenlamachina\/wp-json\/wp\/v2\/media?parent=65"}],"wp:term":[{"taxonomy":"category","embeddable":true,"href":"https:\/\/www.opinioneslibres.es\/unaustriacoenlamachina\/wp-json\/wp\/v2\/categories?post=65"},{"taxonomy":"post_tag","embeddable":true,"href":"https:\/\/www.opinioneslibres.es\/unaustriacoenlamachina\/wp-json\/wp\/v2\/tags?post=65"}],"curies":[{"name":"wp","href":"https:\/\/api.w.org\/{rel}","templated":true}]}}