{"id":74,"date":"2009-08-22T20:52:34","date_gmt":"2009-08-22T18:52:34","guid":{"rendered":"http:\/\/www.opinioneslibres.es\/unaustriacoenlamachina\/?p=74"},"modified":"2009-08-22T20:52:34","modified_gmt":"2009-08-22T18:52:34","slug":"marisa-paredes-y-la-uimp","status":"publish","type":"post","link":"https:\/\/www.opinioneslibres.es\/unaustriacoenlamachina\/marisa-paredes-y-la-uimp\/","title":{"rendered":"Marisa Paredes y la UIMP"},"content":{"rendered":"<p>Esta semana la UIMP ha entregado el I premio de la cinematograf\u00eda a Marisa Paredes. Ignoro de qui\u00e9n es la id\u00e9a esta del premio e ignoro tambi\u00e9n cuales son los m\u00e9ritos objetivos de la citada Paredes para que nada menos que la Universidad Internacional Menendez Pelayo la entregue tal distinci\u00f3n.<!--more--><\/p>\n<p>Los objetivos, lo que se persigue con estos premios lo intuyo ( bueno,lo se ) y\u00a0 me inquieta sobremanera que los cercanos,los amigos,los de la cuerda ideol\u00f3gica o a los que se quiere hacer la pelota ,sean siempre los destinatarios de estos privilegios,porque ocurrir\u00e1n dos cosas, los premios, las distinciones quedar\u00e1n totalmente desacreditadas y\u00a0 lo que es peor, el prestigio de la UIMP no se ver\u00e1 reforzado, aunque teniendo en cuenta que ni la dictadura pudo acabar con el , estoy seguro que soportar\u00e1 este enjambre de premios y\u00a0 premiados que unos responsables subsidiarios encantados de conocerse est\u00e1n regalando.<\/p>\n<p>Volvamos a Paredes.Esta quiz\u00e1s afectada por la soberbia del momento se puso estupenda y dio al orbe una clase magistral. Dijo que el cine espa\u00f1ol est\u00e1 en la picota desde el no a la guerra, que en Espa\u00f1a el arte en general se juzga banalmente y\u00a0 que ella hizo una muy buena pel\u00edcula del \u00abCoronel no tiene qui\u00e9n le escriba\u00bb pero&#8230;&#8230;.sin \u00e9xito de taquilla, al contrario de otras adaptaciones de los norteamericanos que \u00abno decian nada\u00bb.<\/p>\n<p>Aqu\u00ed est\u00e1, esta es la cuesti\u00f3n,Paredes no puede soportar que los ciudadanos de manera libre decidan que entrada compran,que pel\u00edculas quieren ver&#8230;&#8230;.y los ciudadanos hemos decidido que no nos gustan sus pel\u00edculas en particular y el cine espa\u00f1ol en general.<\/p>\n<p>En lugar de hacer alguna autocr\u00edtica, estas mediocridades trufadas de nader\u00eda est\u00e1n siempre culpando de su propio descr\u00e9dito al empedrao. Que si los americanos, que si la guerra, o las (sin)descargas, que si son unos incomprendidos, que los espa\u00f1oles no asumen su altura intelectual&#8230;&#8230;buaaaaaaaaaaaaaa&#8230;&#8230;..que son todos muy malos.<\/p>\n<p>Y claro si somos tan malos el gobierno tiene que quitarnos\u00a0nuestro dinero el que nos\u00a0ganamos trabajando para subvencionar malas pel\u00edculas que casi nadie quiere ver y\u00a0 que en un porcentaje muy elevado ni llegan a estrenarse, porque aqu\u00ed el negocio de estos fen\u00f3menos no est\u00e1 en hacer buenos productos que interesen a la gente y pague por ellos libremente, en este negocio el chollo le tienen en las subvenciones.<\/p>\n<p>Para colmo me entero hoy que a Bigas Luna ( el de la obra maestra de la Juani ) le subvencionar\u00e1n la segunda parte de esta inmortal obra con 112 millones de pesetas, sacadas del bolsillo de los ciudadanos.<\/p>\n<p>Pero en fin, tenemos que comprender que ellos son superiores moral e intelectualmente al resto de mortales, ellos son la KULTURA.<\/p>\n<p><strong>Nota <\/strong>: El autor autoriza a todo aquel que quiera hacerlo , incluidas las empresas de Press Clipping a reproducir este art\u00edculo, con la condici\u00f3n de que se cite a opinioneslibres.es como sitio original de publicaci\u00f3n. Adem\u00e1s niega a FAPE o a\u00a0cualquiera\u00a0 otra entidad la autorizaci\u00f3n para cobrar por dichos contenidos.<\/p>\n","protected":false},"excerpt":{"rendered":"<p>Esta semana la UIMP ha entregado el I premio de la cinematograf\u00eda a Marisa Paredes. Ignoro de qui\u00e9n es la id\u00e9a esta del premio e ignoro tambi\u00e9n cuales son los m\u00e9ritos objetivos de la citada Paredes para que nada menos &hellip; <a href=\"https:\/\/www.opinioneslibres.es\/unaustriacoenlamachina\/marisa-paredes-y-la-uimp\/\">Sigue leyendo <span class=\"meta-nav\">&rarr;<\/span><\/a><\/p>\n","protected":false},"author":2,"featured_media":0,"comment_status":"open","ping_status":"closed","sticky":false,"template":"","format":"standard","meta":{"footnotes":""},"categories":[3],"tags":[],"class_list":["post-74","post","type-post","status-publish","format-standard","hentry","category-general"],"_links":{"self":[{"href":"https:\/\/www.opinioneslibres.es\/unaustriacoenlamachina\/wp-json\/wp\/v2\/posts\/74","targetHints":{"allow":["GET"]}}],"collection":[{"href":"https:\/\/www.opinioneslibres.es\/unaustriacoenlamachina\/wp-json\/wp\/v2\/posts"}],"about":[{"href":"https:\/\/www.opinioneslibres.es\/unaustriacoenlamachina\/wp-json\/wp\/v2\/types\/post"}],"author":[{"embeddable":true,"href":"https:\/\/www.opinioneslibres.es\/unaustriacoenlamachina\/wp-json\/wp\/v2\/users\/2"}],"replies":[{"embeddable":true,"href":"https:\/\/www.opinioneslibres.es\/unaustriacoenlamachina\/wp-json\/wp\/v2\/comments?post=74"}],"version-history":[{"count":0,"href":"https:\/\/www.opinioneslibres.es\/unaustriacoenlamachina\/wp-json\/wp\/v2\/posts\/74\/revisions"}],"wp:attachment":[{"href":"https:\/\/www.opinioneslibres.es\/unaustriacoenlamachina\/wp-json\/wp\/v2\/media?parent=74"}],"wp:term":[{"taxonomy":"category","embeddable":true,"href":"https:\/\/www.opinioneslibres.es\/unaustriacoenlamachina\/wp-json\/wp\/v2\/categories?post=74"},{"taxonomy":"post_tag","embeddable":true,"href":"https:\/\/www.opinioneslibres.es\/unaustriacoenlamachina\/wp-json\/wp\/v2\/tags?post=74"}],"curies":[{"name":"wp","href":"https:\/\/api.w.org\/{rel}","templated":true}]}}