{"id":78,"date":"2009-08-29T20:53:49","date_gmt":"2009-08-29T18:53:49","guid":{"rendered":"http:\/\/www.opinioneslibres.es\/unaustriacoenlamachina\/?p=78"},"modified":"2009-08-29T20:53:49","modified_gmt":"2009-08-29T18:53:49","slug":"cobardia-emboscada-de-buenismo","status":"publish","type":"post","link":"https:\/\/www.opinioneslibres.es\/unaustriacoenlamachina\/cobardia-emboscada-de-buenismo\/","title":{"rendered":"Cobard\u00eda emboscada de buen\u00edsmo"},"content":{"rendered":"<p>Los que amamos la libertad por encima de todas las cosas entendemos que esta se encuentra indisolublemente unida a la responsabilidad individual ante los propios actos.<\/p>\n<p>A lo largo de la historia los pensadores que han defendido los principios de la libertad individual han sido consistentes en la argumentaci\u00f3n y en el contenido doctrinario que sus poderosas mentes han desarrollado. Puede sorprender que la obra de Mises, Hayek o Friedman en donde desenmascararon a las ideolog\u00edas totalitarias no est\u00e9n impuestos como paradigmas induvitados, pero un sistema no puede subsistir sin que la opini\u00f3n p\u00fablica lo apoye y\u00a0 estos no est\u00e1n siendo tiempos para la l\u00edrica, son tiempos en donde la cobard\u00eda para asumir responsabilidades y decidir cada cual su destino se han impuesto.<\/p>\n<p>Por supuesto esta cobard\u00eda est\u00e1 enmascarada en la ret\u00f3rica de un discurso de justicia social&#8230;.que hacemos por los dem\u00e1s&#8230;..como atendemos a la gente&#8230;..y toda una panoplia de frases prefabricadas por esos grupos que se han autolegitimado para otorgar carta de legitimidad a los dem\u00e1s, aplicando la t\u00e1ctica Leninista de que el Pueblo es indispensable a condici\u00f3n de que la minor\u00eda asuma su direcci\u00f3n.<\/p>\n<p>Vivir en libertad es dificil, ser due\u00f1o del propio destino es complicado,aceptar la responsabilidad de los propios actos no es cualquier cosa,pero lo que no debemos aceptar bajo ning\u00fan concepto es que la cobard\u00eda para ser libre y responsable de lo propio sea tildado de social, cuando en realidad lo que se pretende es que el todo responda por una parte, mientras que la capacidad y el coraje para afrontar las propias responsabilidades sea calificada de egoista.<\/p>\n<p>A fin de cuentas se dice que existen dos grupos de personas: Los que temen a la libertad y los que la odian. Pero claro, contra eso hay que rebelarse.<\/p>\n<p><strong>Nota<\/strong> : El autor autoriza a todo aquel que quiera hacerlo incluidas las empresas de Press Clipping a reproducir este art\u00edculo con la condici\u00f3n de que se cite a opinioneslibres.es como sitio original de publicaci\u00f3n. Adem\u00e1s niega a FAPE o cualquiera otra entidad la autorizaci\u00f3n para cobrar por dichos contenidos.<\/p>\n","protected":false},"excerpt":{"rendered":"<p>Los que amamos la libertad por encima de todas las cosas entendemos que esta se encuentra indisolublemente unida a la responsabilidad individual ante los propios actos. A lo largo de la historia los pensadores que han defendido los principios de &hellip; <a href=\"https:\/\/www.opinioneslibres.es\/unaustriacoenlamachina\/cobardia-emboscada-de-buenismo\/\">Sigue leyendo <span class=\"meta-nav\">&rarr;<\/span><\/a><\/p>\n","protected":false},"author":2,"featured_media":0,"comment_status":"open","ping_status":"closed","sticky":false,"template":"","format":"standard","meta":{"footnotes":""},"categories":[3],"tags":[],"class_list":["post-78","post","type-post","status-publish","format-standard","hentry","category-general"],"_links":{"self":[{"href":"https:\/\/www.opinioneslibres.es\/unaustriacoenlamachina\/wp-json\/wp\/v2\/posts\/78","targetHints":{"allow":["GET"]}}],"collection":[{"href":"https:\/\/www.opinioneslibres.es\/unaustriacoenlamachina\/wp-json\/wp\/v2\/posts"}],"about":[{"href":"https:\/\/www.opinioneslibres.es\/unaustriacoenlamachina\/wp-json\/wp\/v2\/types\/post"}],"author":[{"embeddable":true,"href":"https:\/\/www.opinioneslibres.es\/unaustriacoenlamachina\/wp-json\/wp\/v2\/users\/2"}],"replies":[{"embeddable":true,"href":"https:\/\/www.opinioneslibres.es\/unaustriacoenlamachina\/wp-json\/wp\/v2\/comments?post=78"}],"version-history":[{"count":0,"href":"https:\/\/www.opinioneslibres.es\/unaustriacoenlamachina\/wp-json\/wp\/v2\/posts\/78\/revisions"}],"wp:attachment":[{"href":"https:\/\/www.opinioneslibres.es\/unaustriacoenlamachina\/wp-json\/wp\/v2\/media?parent=78"}],"wp:term":[{"taxonomy":"category","embeddable":true,"href":"https:\/\/www.opinioneslibres.es\/unaustriacoenlamachina\/wp-json\/wp\/v2\/categories?post=78"},{"taxonomy":"post_tag","embeddable":true,"href":"https:\/\/www.opinioneslibres.es\/unaustriacoenlamachina\/wp-json\/wp\/v2\/tags?post=78"}],"curies":[{"name":"wp","href":"https:\/\/api.w.org\/{rel}","templated":true}]}}