{"id":85,"date":"2009-09-04T21:40:12","date_gmt":"2009-09-04T19:40:12","guid":{"rendered":"http:\/\/www.opinioneslibres.es\/unaustriacoenlamachina\/?p=85"},"modified":"2009-09-04T21:40:12","modified_gmt":"2009-09-04T19:40:12","slug":"montajes-los-propiospasta-la-ajena","status":"publish","type":"post","link":"https:\/\/www.opinioneslibres.es\/unaustriacoenlamachina\/montajes-los-propiospasta-la-ajena\/","title":{"rendered":"Montajes los propios,pasta la ajena"},"content":{"rendered":"<p>Han caido Uds. en la cuenta de la enorme cantidad de vendedores de hidr\u00f3geno, de planes inaud\u00edtos,inservibles,descabellados o desternillantes, que con toda la jeta del mundo tratan de vivir a cuenta de los que trabajamos&#8230;?<!--more--><\/p>\n<p>Se han fijado como estos profesionales del humo se inventan proyectos disparatados. Que si es necesario unir con un bucle sentimental los parques acu\u00e1ticos de la Europa del Este. Que si tengo que construir una fal\u00faa y dar la vuelta al mundo predicando la armon\u00eda entre los b\u00edpedos racionales.Que si monto un teatro de t\u00edteres y voy desde la tierra de fuego hasta el imperio azteca para poner en la cultura viva las culturas primitivas.Que voy al Everest para mostrar a los pueblos asiaticos todo el respeto que le debemos a su civilizaci\u00f3n y pedirles perd\u00f3n por todo el mal que los occidentales les hemos causado.Tambi\u00e9n tenemos lo del diccionario, esto es, la propuesta de un diccionario de esperanto-aimara realizado por unos iluminados que por supuesto desconocen el esperanto y el aimara.<\/p>\n<p>No crean que estoy fabulando o escribiendo esto bajo los influjos de alg\u00fan psicotr\u00f3pico,con otros nombres tribales,idiom\u00e1ticos y monta\u00f1eros,estas son algunas de las cuestiones que vestidas con una panoplia entre culta-progre-folcl\u00f3rico-bailable , se han presentado a las distintas\u00a0Administracciones para que estas pongan el dinero de los ciudadanos en el patrocinio de semejantes bobadas.<\/p>\n<p>Por supuesto que este no es el problema,desde que el mundo es mundo caraduras pretendiendo vivir a costa de los dem\u00e1s los ha habido siempre, el problema radica en la cobard\u00eda para desenmascarar a estos cenutrios.<\/p>\n<p>La t\u00e9cnica que utilizan los figuras estos es siempre la misma : La chorrada\u00a0 se disfraza de proyecto interplanetario, en donde las palabras cultura,pueblo ind\u00edgena, solidario, tercer mundo, capitalismo salvaje y\u00a0 occidente culpable no faltan nunca. Esta mamarrachada se presenta a los medios de comunicaci\u00f3n, que salvo contadas excepciones respetiran como papanatas el especimen y\u00a0 ah\u00ed da comienzo la operaci\u00f3n&#8230;&#8230;<\/p>\n<p>Por si mismos, por amigos o terceros interpuestos se comienza la batalla de presi\u00f3n al cargo p\u00fablico de turno, sirviendo como coartada para justificar la relevancia del \u00abproyecto\u00bb la importancia que los medios de comunicaci\u00f3n le han dado, y\u00a0 si el cargo p\u00fablico se resiste ya se sabe : Art\u00edculos, ruedas de prensa,cartas al director,ignotas asociaciones solidariz\u00e1ndose&#8230;&#8230;presi\u00f3n,presi\u00f3n,m\u00e1s presi\u00f3n.<\/p>\n<p>Y aqu\u00ed es donde radica el verdadero drama, en lugar de hacerles frente y tener coraje pol\u00edtico para desenmascarar a semejantes caraduras que lo \u00fanico que quieren es vivir del esfuerzo ciudadano sin trabajar, el responsable pol\u00edtico del momento se achanta sin tener valor para decir no, propiciando que estos perlas continuen viviendo del cuento cuantas veces quieran, pu\u00e9s saben muy bien que bastar\u00e1 llamar insolidario, ultraderech\u00edsta o fascista al cargo p\u00fablico de turno para que este se rinda y les de nuestro dinero, porque estos prendas en ning\u00fan caso tratan de convencer de las virtudes de sus proyectos a personas o empresas privadas para que les patrocinen,qui\u00e1&#8230;.de eso n\u00e1. Aqu\u00ed\u00a0 pasta la\u00a0de los ciudadanos,esa que las Administracciones nos sacan\u00a0 obligatoriamente.<\/p>\n<p><strong>Nota :<\/strong> El autor autoriza a todo aquel que quiera hacerlo incluidas las empresas de Press Clipping a reproducir este art\u00edculo con la condici\u00f3n de que se cite a opinioneslibres.es como sitio original de publicaci\u00f3n. Adem\u00e1s niega a FAPE\u00a0 o cualquiera otra entidad la autorizaci\u00f3n para cobrar por dichos contenidos.<\/p>\n","protected":false},"excerpt":{"rendered":"<p>Han caido Uds. en la cuenta de la enorme cantidad de vendedores de hidr\u00f3geno, de planes inaud\u00edtos,inservibles,descabellados o desternillantes, que con toda la jeta del mundo tratan de vivir a cuenta de los que trabajamos&#8230;?<\/p>\n","protected":false},"author":2,"featured_media":0,"comment_status":"open","ping_status":"closed","sticky":false,"template":"","format":"standard","meta":{"footnotes":""},"categories":[3],"tags":[],"class_list":["post-85","post","type-post","status-publish","format-standard","hentry","category-general"],"_links":{"self":[{"href":"https:\/\/www.opinioneslibres.es\/unaustriacoenlamachina\/wp-json\/wp\/v2\/posts\/85","targetHints":{"allow":["GET"]}}],"collection":[{"href":"https:\/\/www.opinioneslibres.es\/unaustriacoenlamachina\/wp-json\/wp\/v2\/posts"}],"about":[{"href":"https:\/\/www.opinioneslibres.es\/unaustriacoenlamachina\/wp-json\/wp\/v2\/types\/post"}],"author":[{"embeddable":true,"href":"https:\/\/www.opinioneslibres.es\/unaustriacoenlamachina\/wp-json\/wp\/v2\/users\/2"}],"replies":[{"embeddable":true,"href":"https:\/\/www.opinioneslibres.es\/unaustriacoenlamachina\/wp-json\/wp\/v2\/comments?post=85"}],"version-history":[{"count":0,"href":"https:\/\/www.opinioneslibres.es\/unaustriacoenlamachina\/wp-json\/wp\/v2\/posts\/85\/revisions"}],"wp:attachment":[{"href":"https:\/\/www.opinioneslibres.es\/unaustriacoenlamachina\/wp-json\/wp\/v2\/media?parent=85"}],"wp:term":[{"taxonomy":"category","embeddable":true,"href":"https:\/\/www.opinioneslibres.es\/unaustriacoenlamachina\/wp-json\/wp\/v2\/categories?post=85"},{"taxonomy":"post_tag","embeddable":true,"href":"https:\/\/www.opinioneslibres.es\/unaustriacoenlamachina\/wp-json\/wp\/v2\/tags?post=85"}],"curies":[{"name":"wp","href":"https:\/\/api.w.org\/{rel}","templated":true}]}}