{"id":90,"date":"2009-09-16T11:13:11","date_gmt":"2009-09-16T09:13:11","guid":{"rendered":"http:\/\/www.opinioneslibres.es\/unaustriacoenlamachina\/?p=90"},"modified":"2009-09-16T11:13:11","modified_gmt":"2009-09-16T09:13:11","slug":"intervencion-en-el-avispero-de-la-economia-de-cope","status":"publish","type":"post","link":"https:\/\/www.opinioneslibres.es\/unaustriacoenlamachina\/intervencion-en-el-avispero-de-la-economia-de-cope\/","title":{"rendered":"Intervenci\u00f3n en el Avispero de la Econom\u00eda de COPE"},"content":{"rendered":"<p>Desde hace algunos a\u00f1os, Lunes tras Lunes, en un espacio \u00fanico de libertad absoluta los contertulios del \u00abAvispero de la Econom\u00eda\u00bb venimos manifestando nuestras opinones sobre la situaci\u00f3n econ\u00f3mica de Cantabria, de Espa\u00f1a,Europa , Mundial y de Marte si se hace necesario.<\/p>\n<p>El Lunes d\u00eda 7 del actual Septiembre dimos inicio a la nueva temporada del prograna e iniciamos el mismo ( como no pod\u00eda ser de otra manera) hablando sobre la terrible situaci\u00f3n econ\u00f3mica en que se encuentra Espa\u00f1a.<\/p>\n<p>Gervasio Portilla, Director del Programa, visto el car\u00edz que tomaban las cosas me pregunt\u00f3 cuales eran las medidas que seg\u00fan mi opini\u00f3n debian acometerse. Yo le respond\u00ed que si en el siguiente programa me dejaba cinco minutos sin interrumpirme ( cual acostumbra ) le diria tanto a el como a los oyentes cuales son las medias a adoptar para sacar a Espa\u00f1a del marasmo actual y de su negro futuro.<\/p>\n<p>El d\u00eda 14 lleg\u00f3 el programa, Portilla cumpli\u00f3, no me interrumpi\u00f3, yo cumpli tambi\u00e9n y expuse las medidas&#8230;&#8230;..ah\u00ed el resultado : <a href=\"http:\/\/www.cope.es\/cantabria-programas-avispero-economia-1127\">www.cope.es\/cantabria-programas-avispero-economia-1127<\/a><\/p>\n","protected":false},"excerpt":{"rendered":"<p>Desde hace algunos a\u00f1os, Lunes tras Lunes, en un espacio \u00fanico de libertad absoluta los contertulios del \u00abAvispero de la Econom\u00eda\u00bb venimos manifestando nuestras opinones sobre la situaci\u00f3n econ\u00f3mica de Cantabria, de Espa\u00f1a,Europa , Mundial y de Marte si se &hellip; <a href=\"https:\/\/www.opinioneslibres.es\/unaustriacoenlamachina\/intervencion-en-el-avispero-de-la-economia-de-cope\/\">Sigue leyendo <span class=\"meta-nav\">&rarr;<\/span><\/a><\/p>\n","protected":false},"author":2,"featured_media":0,"comment_status":"open","ping_status":"closed","sticky":false,"template":"","format":"standard","meta":{"footnotes":""},"categories":[3],"tags":[],"class_list":["post-90","post","type-post","status-publish","format-standard","hentry","category-general"],"_links":{"self":[{"href":"https:\/\/www.opinioneslibres.es\/unaustriacoenlamachina\/wp-json\/wp\/v2\/posts\/90","targetHints":{"allow":["GET"]}}],"collection":[{"href":"https:\/\/www.opinioneslibres.es\/unaustriacoenlamachina\/wp-json\/wp\/v2\/posts"}],"about":[{"href":"https:\/\/www.opinioneslibres.es\/unaustriacoenlamachina\/wp-json\/wp\/v2\/types\/post"}],"author":[{"embeddable":true,"href":"https:\/\/www.opinioneslibres.es\/unaustriacoenlamachina\/wp-json\/wp\/v2\/users\/2"}],"replies":[{"embeddable":true,"href":"https:\/\/www.opinioneslibres.es\/unaustriacoenlamachina\/wp-json\/wp\/v2\/comments?post=90"}],"version-history":[{"count":0,"href":"https:\/\/www.opinioneslibres.es\/unaustriacoenlamachina\/wp-json\/wp\/v2\/posts\/90\/revisions"}],"wp:attachment":[{"href":"https:\/\/www.opinioneslibres.es\/unaustriacoenlamachina\/wp-json\/wp\/v2\/media?parent=90"}],"wp:term":[{"taxonomy":"category","embeddable":true,"href":"https:\/\/www.opinioneslibres.es\/unaustriacoenlamachina\/wp-json\/wp\/v2\/categories?post=90"},{"taxonomy":"post_tag","embeddable":true,"href":"https:\/\/www.opinioneslibres.es\/unaustriacoenlamachina\/wp-json\/wp\/v2\/tags?post=90"}],"curies":[{"name":"wp","href":"https:\/\/api.w.org\/{rel}","templated":true}]}}